{"id":1056,"date":"2016-09-07T22:20:06","date_gmt":"2016-09-07T20:20:06","guid":{"rendered":"http:\/\/retreat.hardkon.pl\/2016\/?p=1056"},"modified":"2016-09-08T22:40:27","modified_gmt":"2016-09-08T20:40:27","slug":"notatki-ucieczki-wtorek","status":"publish","type":"post","link":"https:\/\/retreat.hardkon.pl\/2016\/notatki-ucieczki-wtorek\/","title":{"rendered":"Notatki z ucieczki \u2013 wtorek"},"content":{"rendered":"<p>Notat\u00adki z uciecz\u00adki, 6 wrze\u00ad\u015bnia \u2013 Cho\u00adco&nbsp;Merry<\/p>\n<p>Kocha\u00adny dzienniku,<\/p>\n<p>Pogo\u00adda si\u0119 popra\u00adwi\u00ad\u0142a, co ozna\u00adcza wi\u0119\u00adcej k\u0105pie\u00adli w jezio\u00adrze i to w pro\u00admie\u00adniach s\u0142o\u0144\u00adca. Nie wiem jak to wp\u0142y\u00adnie na nasz\u0105 pra\u00adc\u0119, ale na pew\u00adno popra\u00adwia samo\u00adpo\u00adczu\u00adcie. Przy\u00adby\u00ad\u0142a te\u017c do nas Bra\u00adids, co mia\u00ad\u0142o ogrom\u00adny&nbsp;wp\u0142yw&nbsp;na wie\u00adczor\u00adn\u0105 sesj\u0119 two\u00adrze\u00adnia nano\u00adlar\u00adp\u00f3w. Ale o tym za chwi\u00adl\u0119, naj\u00adpierw pora na kon\u00adkre\u00adty. Dzi\u00adsiaj na szcz\u0119\u00ad\u015bcie tro\u00adch\u0119 mniej pisa\u00adnia, bo temat nie by\u0142 tak wyma\u00adga\u00adj\u0105\u00adcy je\u015bli cho\u00addzi o \u017ar\u00f3d\u0142a.<\/p>\n<p><em>Pre\u00adzen\u00adta\u00adcja dnia: Monomit<\/em><\/p>\n<p>Kie\u00addy pod koniec lat 40tych <a href=\"https:\/\/pl.wikipedia.org\/wiki\/Joseph_Campbell\" target=\"_blank\">Joseph Camp\u00adbell<\/a> opu\u00adbli\u00adko\u00adwa\u0142 swo\u00adj\u0105 ksi\u0105\u017c\u00adk\u0119 \u201cBoha\u00adter o tysi\u0105cu twa\u00adrzach\u201d wywo\u00ad\u0142a\u0142 nie\u00adma\u00ad\u0142y fer\u00adment i poru\u00adsze\u00adnie, zar\u00f3w\u00adno w \u015bro\u00addo\u00adwi\u00adskach nauko\u00adwych, jak i w\u015br\u00f3d inte\u00adlek\u00adtu\u00adali\u00adst\u00f3w i ludzi kul\u00adtu\u00adry. Zapre\u00adzen\u00adto\u00adwa\u00adne przez nie\u00adgo kon\u00adcep\u00adcje zosta\u00ad\u0142y zapre\u00adzen\u00adto\u00adwa\u00adne szer\u00adszej publicz\u00adno\u00ad\u015bci w cyklu popu\u00adlar\u00adnych pro\u00adgra\u00adm\u00f3w tele\u00adwi\u00adzyj\u00adnych. Sta\u00ad\u0142y si\u0119 r\u00f3w\u00adnie\u017c jed\u00adnym z wie\u00adlu przy\u00adczyn\u00adk\u00f3w do rewo\u00adlu\u00adcji oby\u00adcza\u00adjo\u00adwej lat 70tych, naro\u00addzin dzie\u00adci kwia\u00adt\u00f3w i ery wodnika.<\/p>\n<p>O czym dok\u0142ad\u00adnie pisa\u0142 Campbell?<\/p>\n<p>Naj\u00adog\u00f3l\u00adniej m\u00f3wi\u0105c \u2013 o ducho\u00adwo\u00ad\u015bci cz\u0142o\u00adwie\u00adka. Trak\u00adto\u00adwa\u0142 j\u0105&nbsp;jako pr\u00f3\u00adb\u0119 pozna\u00adnia pod\u00adsta\u00adwo\u00adwej, nie\u00adzna\u00adnej si\u0142y, z kt\u00f3\u00adrej wszyst\u00adko si\u0119 wywo\u00addzi, dzi\u0119\u00adki kt\u00f3\u00adrej ist\u00adnie\u00adje i do kt\u00f3\u00adrej powr\u00f3ci.<br>\nKlu\u00adczo\u00adw\u0105 cha\u00adrak\u00adte\u00adry\u00adsty\u00adk\u0105 owej si\u0142y by\u0142a jej nie\u00adpo\u00adzna\u00adwal\u00adno\u015b\u0107, kt\u00f3\u00adra wymy\u00adka\u00ad\u0142a si\u0119 s\u0142o\u00adwom i wie\u00addzy. Ludz\u00adko\u015b\u0107, wed\u0142ug Camp\u00adbel\u00adla, sta\u00adra si\u0119 do niej dotrze\u0107 poprzez rytu\u00ada\u0142y, opo\u00adwie\u00ad\u015bci a przede wszyst\u00adkim \u2013 meta\u00adfo\u00adry. Meta\u00adfo\u00adr\u0105 w tym uj\u0119\u00adciu s\u0105 przede wszyst\u00adkim b\u00f3stwa, ale tak\u00ad\u017ce mity, arte\u00adfak\u00adty, \u015bwi\u0105\u00adty\u00adnie i \u015bwi\u0119\u00adte miej\u00adsca. Tym samym reli\u00adgie zosta\u00adj\u0105 spro\u00adwa\u00addzo\u00adne do ro\u017c\u00adnych masek tych samych, trans\u00adcen\u00adden\u00adtal\u00adnych prawd. S\u0142u\u00ad\u017c\u0105 jed\u00adne\u00admu celo\u00adwi: maj\u0105 pom\u00f3c cz\u0142o\u00adwie\u00adko\u00adwi w \u201cunie\u00adsie\u00adniu\u201d swej \u015bwia\u00addo\u00admo\u00ad\u015bci ponad i poza duali\u00adstycz\u00adn\u0105 kon\u00adcep\u00adcj\u0119 opo\u00adzy\u00adcji&nbsp;jak<\/p>\n<p style=\"text-align: center\"><em>dobro\/z\u0142o, \u015bwiat\u0142o\/mrok, \u017cycie\/\u015bmier\u0107, istnienie\/niebyt<\/em><\/p>\n<p>Opo\u00adwie\u00ad\u015bci, do kt\u00f3\u00adrych odwo\u00ad\u0142y\u00adwa\u0142 si\u0119 Camp\u00adbell cechu\u00adje zadzi\u00adwia\u00adj\u0105\u00adco podob\u00adna struk\u00adtu\u00adra, kt\u00f3\u00adr\u0105 odnaj\u00addzie\u00admy w mitach naj\u00adwi\u0119k\u00adszych reli\u00adgii. Pod\u00adle\u00adga\u00adj\u0105 jej zar\u00f3w\u00adno histo\u00adria Ozy\u00adry\u00adsa jak i Pro\u00adme\u00adte\u00adusza, Moj\u00ad\u017ce\u00adsza, Bud\u00addy i Chry\u00adstu\u00adsa. Z pre\u00adme\u00addy\u00adta\u00adcj\u0105 wyko\u00adrzy\u00adstu\u00adj\u0105 j\u0105 te\u017c nie\u00adkt\u00f3\u00adrzy tw\u00f3r\u00adcy popkul\u00adtu\u00adry: Alla\u00addyn, Kr\u00f3l Lew, Pi\u0119k\u00adna i Bestia czy Matrix to wsp\u00f3\u0142\u00adcze\u00adsne opo\u00adwie\u00ad\u015bci, w kt\u00f3\u00adrych r\u00f3w\u00adnie\u017c mo\u017c\u00adna j\u0105 odna\u00adle\u017a\u0107, nie\u00adrzad\u00adko w for\u00admie bli\u00adskiej wzorcowej.<\/p>\n<p>Mono\u00admit to ide\u00adal\u00adna podr\u00f3\u017c, sk\u0142a\u00adda\u00adj\u0105\u00adca si\u0119 z 17 sta\u00addi\u00f3w. 4 z nich two\u00adrz\u0105 faz\u0119 sepa\u00adra\u00adcji, 8 faz\u0119 ini\u00adcja\u00adcji a 5 ostat\u00adnich faz\u0119 powrotu.<\/p>\n<p>Co nas ude\u00adrzy\u00ad\u0142o, kie\u00addy zacz\u0119\u00adli\u00ad\u015bmy je kolej\u00adno ana\u00adli\u00adzo\u00adwa\u0107 i dopa\u00adso\u00adwy\u00adwa\u0107 do nich inne histo\u00adrie z popkul\u00adtu\u00adry? Ot\u00f3\u017c zda\u00adli\u00ad\u015bmy sobie spra\u00adw\u0119 z ogrom\u00adne\u00adgo b\u0142\u0119\u00addu, kt\u00f3\u00adry nagmin\u00adnie pope\u0142\u00adnia\u00adli\u00ad\u015bmy jako tw\u00f3r\u00adcy. Pole\u00adga\u0142 on na nagmin\u00adnym wrzu\u00adca\u00adniu do sce\u00adna\u00adriu\u00adsza lar\u00adpu posta\u00adci b\u0119d\u0105\u00adcych na tym samym eta\u00adpie mono\u00admi\u00adtu, zamiast r\u00f3\u017c\u00adni\u00adco\u00adwa\u00adnia dro\u00adgi \u017cycio\u00adwej poszcze\u00adg\u00f3l\u00adnych posta\u00adci. Miko\u00ad\u0142aj uknu\u0142 na ten ter\u00admin zgrab\u00adny ter\u00admin <em>wor\u00adko\u00adlo\u00adgia.<\/em> Zamiast tego, powin\u00adni\u00ad\u015bmy raczej&nbsp;roz\u00adrzu\u00adca\u0107 je po r\u00f3\u017c\u00adnych sta\u00addiach podr\u00f3\u00ad\u017cy boha\u00adte\u00adra. Oka\u00adza\u00ad\u0142o si\u0119 te\u017c, \u017ce zda\u00adrza\u00ad\u0142o nam si\u0119 umiesz\u00adcza\u0107 (lub odgry\u00adwa\u0107) posta\u00adcie b\u0119d\u0105\u00adce w fazie powro\u00adtu, co zawsze skut\u00adko\u00adwa\u00ad\u0142o kiep\u00adskim do\u015bwiad\u00adcze\u00adniem p\u0142y\u00adn\u0105\u00adcym z gry. Nagle zro\u00adzu\u00admie\u00adli\u00ad\u015bmy, jakie by\u0142o jego \u017ar\u00f3\u00add\u0142o. Temat poch\u0142o\u00adn\u0105\u0142 nas bez resz\u00adty. Cof\u00adn\u0119\u00adli\u00ad\u015bmy si\u0119 do typo\u00adlo\u00adgii gra\u00adczy i ze zdu\u00admie\u00adniem odkry\u00adli\u00ad\u015bmy, \u017ce poszcze\u00adg\u00f3l\u00adne typy&nbsp;gra\u00adczy powin\u00adny roz\u00adpo\u00adczy\u00adna\u0107 gr\u0119 w innym eta\u00adpie podr\u00f3\u00ad\u017cy boha\u00adte\u00adra, kt\u00f3\u00adry odpo\u00adwia\u00adda nasze\u00admu nie\u00addziel\u00adne\u00admu schematowi<\/p>\n<p style=\"text-align: center\"><em>Do (killer\/artisian \u2013 faza separacji)<\/em><br>\n<em> Have (achiever\/guardian \u2013 tre\u00adshold pomi\u0119\u00addzy faz\u0105 sepa\u00adra\u00adcji i inicjacji)<\/em><br>\n<em>Know (explorer\/rational \u2013 faza inicjacji)<\/em><br>\n<em>Beco\u00adme (socializer\/idealist \u2013 faza powrotu)<\/em><\/p>\n<p>Ten pora\u00adnek by\u0142 praw\u00addzi\u00adwym, tw\u00f3r\u00adczym prze\u00ad\u017cy\u00adciem. Wszy\u00adscy czu\u00adli\u00ad\u015bmy, jak kloc\u00adki kt\u00f3\u00adre wyda\u00adwa\u00ad\u0142y si\u0119 nale\u00ad\u017ce\u0107 do r\u00f3\u017c\u00adnych kom\u00adple\u00adt\u00f3w, zaczy\u00adna\u00adj\u0105 wsu\u00adwa\u0107 si\u0119 na swo\u00adje miej\u00adsce two\u00adrz\u0105c jed\u00adn\u0105, fan\u00adta\u00adstycz\u00adn\u0105 for\u00adm\u0119. Zyska\u00adli\u00ad\u015bmy, jako tw\u00f3r\u00adcy, zupe\u0142\u00adnie now\u0105 \u015bwia\u00addo\u00admo\u015b\u0107 tego, czym w isto\u00adcie jest medium nad kt\u00f3\u00adrym pra\u00adcu\u00adje\u00admy. Te s\u0142o\u00adwa mog\u0105 si\u0119 komu\u015b wyda\u00adwa\u0107 g\u00f3r\u00adno\u00adlot\u00adne czy pate\u00adtycz\u00adne. Trud\u00adno. Nie prze\u00ad\u017cy\u00ad\u0142em cze\u00adgo\u015b takie\u00adgo odk\u0105d dowie\u00addzia\u00ad\u0142em si\u0119 o ist\u00adnie\u00adniu publi\u00adka\u00adcji Knu\u00adde\u00adpunk\u00adto\u00adwych i nie prze\u00adczy\u00adta\u00ad\u0142em pierw\u00adszej z nich. War\u00adto by\u0142o tu przy\u00adje\u00adcha\u0107, aby w gro\u00adnie Tych ludzi przy\u00adpad\u00adkiem posk\u0142a\u00adda\u0107 opa\u00adtrzo\u00adne&nbsp;ele\u00admen\u00adty w zaska\u00adku\u00adj\u0105\u00adc\u0105 i fascy\u00adnu\u00adj\u0105\u00adc\u0105 ca\u0142o\u015b\u0107. Dzi\u0119kuj\u0119&nbsp;\ud83d\ude42<\/p>\n<p>Pre\u00adzen\u00adta\u00adcja prze\u00adci\u0105\u00adgn\u0119\u00ad\u0142a si\u0119, roz\u00adma\u00adwia\u00adli\u00ad\u015bmy o tym jesz\u00adcze d\u0142u\u00adgo, w\u0142a\u00ad\u015bci\u00adwie a\u017c do wie\u00adczor\u00adnej dys\u00adku\u00adsji przy\u00adgo\u00adto\u00adwa\u00adnej i mode\u00adro\u00adwa\u00adnej przez Miko\u0142aja.<\/p>\n<p><em>Czy potrze\u00adbu\u00adje\u00admy kart postaci?<\/em><\/p>\n<p>Pyta\u00adnie jest co naj\u00admniej pro\u00adwo\u00adku\u00adj\u0105\u00adce. W trak\u00adcie nie\u00addaw\u00adnej dys\u00adku\u00adsji na fejs\u00adbu\u00adko\u00adwej gru\u00adpie Larp Poland na temat \u201cczy esca\u00adpe room to larp\u201d poja\u00adwi\u00ad\u0142y si\u0119 licz\u00adne g\u0142o\u00adsy na \u201cnie\u201d, kt\u00f3\u00adrych uza\u00adsad\u00adnie\u00adnie brzmia\u00ad\u0142o mnie wi\u0119\u00adcej&nbsp;tak:<\/p>\n<p><em>Esca\u00adpe room to nie larp bo nie ma kart postaci.<\/em><\/p>\n<p>Jak wi\u0119c z tymi kar\u00adta\u00admi napraw\u00add\u0119 jest? Zacz\u0119\u00adli\u00ad\u015bmy od tego, czy mo\u017ce ist\u00adnie\u0107 larp bez nich. Oka\u00adza\u00ad\u0142o si\u0119, \u017ce ka\u017c\u00addy z nas ad hoc mo\u017ce poda\u0107 przy\u00adnaj\u00admniej kil\u00adka przy\u00adk\u0142a\u00add\u00f3w gier, kt\u00f3\u00adre ich nie wyko\u00adrzy\u00adsty\u00adwa\u00ad\u0142y, bo zupe\u0142\u00adnie nie by\u0142o takiej potrze\u00adby. Potem zacz\u0119\u00adli\u00ad\u015bmy roz\u00adwa\u00ad\u017ca\u0107 alter\u00adna\u00adty\u00adwy (jak kar\u00adta posta\u00adci w for\u00admie audio) i na samym pocz\u0105t\u00adku tego pro\u00adce\u00adsu poja\u00adwi\u00ad\u0142o si\u0119 pyta\u00adnie. Czym w isto\u00adcie jest kar\u00adta posta\u00adci? Naszym zda\u00adniem zro\u00addzi\u00ad\u0142a si\u0119 w pro\u00adce\u00adsie, przed\u00adsta\u00adwio\u00adnym na poni\u017c\u00adszym schemacie:<\/p>\n<p style=\"text-align: center\"><em>ocze\u00adki\u00adwa\u00adne zacho\u00adwa\u00adnie na lar\u00adpie \u2192 ide\u00ada\u0142 roli \u2192 kar\u00adta posta\u00adci \u2192 rola ode\u00adgra\u00adna na larpie<\/em><\/p>\n<p>W takim wypad\u00adku, pyta\u00adnie tak napraw\u00add\u0119 brzmi: czy da si\u0119 w jaki\u015b spo\u00ads\u00f3b doko\u00adna\u0107 skr\u00f3\u00adtu tego pro\u00adce\u00adsu, aby wygl\u0105\u00adda\u0142&nbsp;tak:<\/p>\n<p style=\"text-align: center\"><em>ocze\u00adki\u00adwa\u00adne zacho\u00adwa\u00adnie na lar\u00adpie \u2192 rola ode\u00adgra\u00adna na larpie<\/em><\/p>\n<p>Oka\u00adzu\u00adje si\u0119, \u017ce narz\u0119\u00addzi jest wie\u00adle i mo\u017c\u00adna z\u0142o\u00ad\u017cy\u0107 z nich ca\u0142y toolbox:<\/p>\n<ul>\n<li>kostium<\/li>\n<li>sce\u00adno\u00adgra\u00adfia i rekwizyty<\/li>\n<li>inne for\u00admy diegezy<\/li>\n<li>opo\u00adwie\u00ad\u015bci<\/li>\n<li>brie\u00adfing<\/li>\n<li>wywiady\/rozmowy<\/li>\n<li>instruk\u00adcje<\/li>\n<li>fil\u00admy<\/li>\n<li>sce\u00adny w blackboxie<\/li>\n<li>warsz\u00adta\u00adty<\/li>\n<\/ul>\n<p>Lista na pew\u00adno ich nie wyczer\u00adpu\u00adje, nato\u00admiast tem\u00adpe\u00adra\u00adtu\u00adra naszej dys\u00adku\u00adsji wzro\u00ads\u0142a. Ka\u017c\u00addy z nas zna\u0142 przy\u00adk\u0142a\u00addy dobre\u00adgo u\u017cy\u00adcia w\/w tech\u00adnik\u2026 Byli\u00ad\u015bmy te\u017c w sta\u00adnie bez tru\u00addu przy\u00adwo\u00ad\u0142a\u0107 sytu\u00adacje, w kt\u00f3\u00adrych oma\u00adwia\u00adne narz\u0119\u00addzie nie zda\u00ad\u0142o egza\u00admi\u00adnu. Roz\u00adwi\u0105\u00adza\u00adnie, kt\u00f3\u00adre przy\u00adsz\u0142o nam do g\u0142o\u00adwy, jest pro\u00adste w swej idei, ale wyma\u00adga\u00adj\u0105\u00adce w u\u017cyciu.<br>\nNaszym zda\u00adniem, aby osi\u0105\u00adgn\u0105\u0107 naj\u00adlep\u00adszy rezul\u00adtat, jakim jest mak\u00adsy\u00admal\u00adne zbli\u00ad\u017ce\u00adnie ocze\u00adki\u00adwa\u0144 <span class=\"caps\">MG<\/span> do ode\u00adgra\u00adnia roli przez Gra\u00adcza, nale\u00ad\u017ca\u00ad\u0142o\u00adby zasto\u00adso\u00adwa\u0107 mix tech\u00adnik umiesz\u00adczo\u00adnych w naszym tool\u00adbo\u00adxie. Wyma\u00adga to ogrom\u00adnej \u015bwia\u00addo\u00admo\u00ad\u015bci i du\u017ce\u00adgo do\u015bwiad\u00adcze\u00adnia autor\u00f3w\/prowadz\u0105cych dany larp. Wie\u00adle trze\u00adba sobie u\u015bwiadomi\u0107.<\/p>\n<p>Co opo\u00adwie\u00addzie\u0107? Co spi\u00adsa\u0107? Co poka\u00adza\u0107? Co zasu\u00adge\u00adro\u00adwa\u0107? Co wywo\u00ad\u0142a\u0107 wp\u0142y\u00adwa\u00adj\u0105c na pod\u00ad\u015bwia\u00addo\u00admo\u015b\u0107 gra\u00adcza? Co pozo\u00adsta\u00adwi\u0107 jego domy\u00ads\u0142o\u00adwi? Cze\u00adgo abso\u00adlut\u00adnie nie pozostawia\u0107?<\/p>\n<p>Kar\u00adta posta\u00adci, jako jed\u00adna jasna, dobrze zna\u00adna for\u00admu\u00ad\u0142a komu\u00adni\u00adka\u00adcji praw\u00addo\u00adpo\u00addob\u00adnie nigdy nie wyj\u00addzie z u\u017cy\u00adcia. Pyta\u00adnie brzmi: czy odwa\u00ad\u017cy\u00admy si\u0119 \u015bwia\u00addo\u00admie si\u0119\u00adga\u0107 po inne narz\u0119\u00addzia, aby osi\u0105\u00adgn\u0105\u0107 dok\u0142ad\u00adnie taki efekt, na jakim nam zale\u017cy?<\/p>\n<p>Ostat\u00adnim punk\u00adtem dnia by\u0142a sesja two\u00adrze\u00adnia nano\u00adlar\u00adp\u00f3w. Podzie\u00adli\u00adli\u00ad\u015bmy si\u0119 na dwa zespo\u00ad\u0142y, napi\u00adsa\u00adli\u00ad\u015bmy dwie gry i roze\u00adgra\u00adli je wie\u00adczo\u00adrem i p\u00f3\u017a\u00adn\u0105 noc\u0105. Debrie\u00adfing prze\u00ad\u0142o\u00ad\u017cy\u00adli\u00ad\u015bmy na \u015bro\u00add\u0119, wi\u0119c rela\u00adcja poja\u00adwi si\u0119 w nast\u0119p\u00adnej not\u00adce. Ta i tak prze\u00adkro\u00adczy\u00ad\u0142a zak\u0142a\u00adda\u00adn\u0105 obj\u0119to\u015b\u0107.<br>\nAch. Tytu\u0142. Przy oka\u00adzji, wymy\u00ad\u015bli\u00adli\u00ad\u015bmy proz\u00addro\u00adwot\u00adny drink. Sko\u00adro ci\u0119\u017c\u00adka pra\u00adca wyp\u0142u\u00adku\u00adje z orga\u00adni\u00adzmu potas i magnez, nale\u00ad\u017cy dostar\u00adczy\u0107 go do orga\u00adni\u00adzmu. Naj\u00adle\u00adpiej u\u017cy\u0107 do tego natu\u00adral\u00adnych sk\u0142ad\u00adni\u00adk\u00f3w: soku pomi\u00addo\u00adro\u00adwe\u00adgo i gorz\u00adkiej, naj\u00adle\u00adpiej 90% cze\u00adko\u00adla\u00addy. Chcie\u00adli\u00ad\u015bmy go nawet wypr\u00f3\u00adbo\u00adwa\u0107, ale ogra\u00adni\u00adczy\u00adli\u00ad\u015bmy si\u0119 do samej czekolady.<\/p>\n","protected":false},"excerpt":{"rendered":"<p>Notat\u00adki z uciecz\u00adki, 6 wrze\u00ad\u015bnia \u2013 Cho\u00adco&nbsp;Mer\u00adry Kocha\u00adny dzien\u00adni\u00adku, Pogo\u00adda si\u0119 popra\u00adwi\u00ad\u0142a, co ozna\u00adcza wi\u0119\u00adcej k\u0105pie\u00adli w jezio\u00adrze i to w pro\u00admie\u00adniach s\u0142o\u0144\u00adca. Nie wiem jak to wp\u0142y\u00adnie na nasz\u0105 pra\u00adc\u0119, ale na pew\u00adno popra\u00adwia samo\u00adpo\u00adczu\u00adcie. Przy\u00adby\u00ad\u0142a te\u017c do nas Bra\u00adids, co mia\u00ad\u0142o ogrom\u00adny&nbsp;wp\u0142yw&nbsp;na wie\u00adczor\u00adn\u0105 sesj\u0119 two\u00adrze\u00adnia nano\u00adlar\u00adp\u00f3w. Ale o tym za chwi\u00adl\u0119, naj\u00adpierw&nbsp;pora&nbsp;[\u2026]<\/p>\n","protected":false},"author":2,"featured_media":1058,"comment_status":"closed","ping_status":"open","sticky":false,"template":"","format":"standard","meta":{"wp_typography_post_enhancements_disabled":false,"_monsterinsights_skip_tracking":false,"_monsterinsights_sitenote_active":false,"_monsterinsights_sitenote_note":"","_monsterinsights_sitenote_category":0,"footnotes":""},"categories":[1],"tags":[87,19,83,85,17,45,43,89,91],"class_list":["post-1056","post","type-post","status-publish","format-standard","has-post-thumbnail","hentry","category-bez-kategorii","tag-bohater","tag-design","tag-joseph-cambell","tag-karta-postaci","tag-larp","tag-larpy","tag-monomit","tag-postac","tag-rola"],"yoast_head":"<!-- This site is optimized with the Yoast SEO plugin v27.2 - https:\/\/yoast.com\/product\/yoast-seo-wordpress\/ -->\n<title>Notatki z ucieczki - wtorek - Hardkon - 2016 Larpers&#039; Retreat<\/title>\n<meta name=\"robots\" content=\"index, follow, max-snippet:-1, max-image-preview:large, max-video-preview:-1\" \/>\n<link rel=\"canonical\" href=\"https:\/\/retreat.hardkon.pl\/2016\/notatki-ucieczki-wtorek\/\" \/>\n<meta property=\"og:locale\" content=\"pl_PL\" \/>\n<meta property=\"og:type\" content=\"article\" \/>\n<meta property=\"og:title\" content=\"Notatki z ucieczki - wtorek - Hardkon - 2016 Larpers&#039; Retreat\" \/>\n<meta property=\"og:description\" content=\"Notat\u00adki z uciecz\u00adki, 6 wrze\u00ad\u015bnia \u2013 Cho\u00adco&nbsp;Merry Kocha\u00adny dzienniku, Pogo\u00adda si\u0119 popra\u00adwi\u00ad\u0142a, co ozna\u00adcza wi\u0119\u00adcej k\u0105pie\u00adli w jezio\u00adrze i to w pro\u00admie\u00adniach s\u0142o\u0144\u00adca. Nie wiem jak to wp\u0142y\u00adnie na nasz\u0105 pra\u00adc\u0119, ale na pew\u00adno popra\u00adwia samo\u00adpo\u00adczu\u00adcie. Przy\u00adby\u00ad\u0142a te\u017c do nas Bra\u00adids, co mia\u00ad\u0142o ogrom\u00adny&nbsp;wp\u0142yw&nbsp;na wie\u00adczor\u00adn\u0105 sesj\u0119 two\u00adrze\u00adnia nano\u00adlar\u00adp\u00f3w. Ale o tym za chwi\u00adl\u0119, naj\u00adpierw pora [&hellip;]\" \/>\n<meta property=\"og:url\" content=\"https:\/\/retreat.hardkon.pl\/2016\/notatki-ucieczki-wtorek\/\" \/>\n<meta property=\"og:site_name\" content=\"Hardkon - 2016 Larpers&#039; Retreat\" \/>\n<meta property=\"article:published_time\" content=\"2016-09-07T20:20:06+00:00\" \/>\n<meta property=\"article:modified_time\" content=\"2016-09-08T20:40:27+00:00\" \/>\n<meta property=\"og:image\" content=\"https:\/\/i0.wp.com\/retreat.hardkon.pl\/2016\/wp-content\/uploads\/sites\/3\/2016\/09\/klocki.jpg?fit=1500%2C1125&ssl=1\" \/>\n\t<meta property=\"og:image:width\" content=\"1500\" \/>\n\t<meta property=\"og:image:height\" content=\"1125\" \/>\n\t<meta property=\"og:image:type\" content=\"image\/jpeg\" \/>\n<meta name=\"author\" content=\"Piotr Milewski\" \/>\n<meta name=\"twitter:card\" content=\"summary_large_image\" \/>\n<meta name=\"twitter:label1\" content=\"Napisane przez\" \/>\n\t<meta name=\"twitter:data1\" content=\"Piotr Milewski\" \/>\n\t<meta name=\"twitter:label2\" content=\"Szacowany czas czytania\" \/>\n\t<meta name=\"twitter:data2\" content=\"6 minut\" \/>\n<script type=\"application\/ld+json\" class=\"yoast-schema-graph\">{\"@context\":\"https:\/\/schema.org\",\"@graph\":[{\"@type\":\"Article\",\"@id\":\"https:\/\/retreat.hardkon.pl\/2016\/notatki-ucieczki-wtorek\/#article\",\"isPartOf\":{\"@id\":\"https:\/\/retreat.hardkon.pl\/2016\/notatki-ucieczki-wtorek\/\"},\"author\":{\"name\":\"Piotr Milewski\",\"@id\":\"https:\/\/retreat.hardkon.pl\/2016\/#\/schema\/person\/fb601a2c3a7b2e26436b81f350676413\"},\"headline\":\"Notatki z ucieczki \u2013 wtorek\",\"datePublished\":\"2016-09-07T20:20:06+00:00\",\"dateModified\":\"2016-09-08T20:40:27+00:00\",\"mainEntityOfPage\":{\"@id\":\"https:\/\/retreat.hardkon.pl\/2016\/notatki-ucieczki-wtorek\/\"},\"wordCount\":1263,\"publisher\":{\"@id\":\"https:\/\/retreat.hardkon.pl\/2016\/#organization\"},\"image\":{\"@id\":\"https:\/\/retreat.hardkon.pl\/2016\/notatki-ucieczki-wtorek\/#primaryimage\"},\"thumbnailUrl\":\"https:\/\/retreat.hardkon.pl\/2016\/wp-content\/uploads\/sites\/3\/2016\/09\/klocki.jpg\",\"keywords\":[\"bohater\",\"design\",\"Joseph Cambell\",\"karta postaci\",\"larp\",\"larpy\",\"monomit\",\"posta\u0107\",\"rola\"],\"inLanguage\":\"pl-PL\"},{\"@type\":\"WebPage\",\"@id\":\"https:\/\/retreat.hardkon.pl\/2016\/notatki-ucieczki-wtorek\/\",\"url\":\"https:\/\/retreat.hardkon.pl\/2016\/notatki-ucieczki-wtorek\/\",\"name\":\"Notatki z ucieczki - wtorek - Hardkon - 2016 Larpers&#039; Retreat\",\"isPartOf\":{\"@id\":\"https:\/\/retreat.hardkon.pl\/2016\/#website\"},\"primaryImageOfPage\":{\"@id\":\"https:\/\/retreat.hardkon.pl\/2016\/notatki-ucieczki-wtorek\/#primaryimage\"},\"image\":{\"@id\":\"https:\/\/retreat.hardkon.pl\/2016\/notatki-ucieczki-wtorek\/#primaryimage\"},\"thumbnailUrl\":\"https:\/\/retreat.hardkon.pl\/2016\/wp-content\/uploads\/sites\/3\/2016\/09\/klocki.jpg\",\"datePublished\":\"2016-09-07T20:20:06+00:00\",\"dateModified\":\"2016-09-08T20:40:27+00:00\",\"breadcrumb\":{\"@id\":\"https:\/\/retreat.hardkon.pl\/2016\/notatki-ucieczki-wtorek\/#breadcrumb\"},\"inLanguage\":\"pl-PL\",\"potentialAction\":[{\"@type\":\"ReadAction\",\"target\":[\"https:\/\/retreat.hardkon.pl\/2016\/notatki-ucieczki-wtorek\/\"]}]},{\"@type\":\"ImageObject\",\"inLanguage\":\"pl-PL\",\"@id\":\"https:\/\/retreat.hardkon.pl\/2016\/notatki-ucieczki-wtorek\/#primaryimage\",\"url\":\"https:\/\/retreat.hardkon.pl\/2016\/wp-content\/uploads\/sites\/3\/2016\/09\/klocki.jpg\",\"contentUrl\":\"https:\/\/retreat.hardkon.pl\/2016\/wp-content\/uploads\/sites\/3\/2016\/09\/klocki.jpg\",\"width\":1500,\"height\":1125},{\"@type\":\"BreadcrumbList\",\"@id\":\"https:\/\/retreat.hardkon.pl\/2016\/notatki-ucieczki-wtorek\/#breadcrumb\",\"itemListElement\":[{\"@type\":\"ListItem\",\"position\":1,\"name\":\"Strona g\u0142\u00f3wna\",\"item\":\"https:\/\/retreat.hardkon.pl\/2016\/\"},{\"@type\":\"ListItem\",\"position\":2,\"name\":\"Notatki z ucieczki \u2013 wtorek\"}]},{\"@type\":\"WebSite\",\"@id\":\"https:\/\/retreat.hardkon.pl\/2016\/#website\",\"url\":\"https:\/\/retreat.hardkon.pl\/2016\/\",\"name\":\"Hardkon - 2016 Larpers&#039; Retreat\",\"description\":\"Hardkon Larpers&#039; Retreat edycja 2016\",\"publisher\":{\"@id\":\"https:\/\/retreat.hardkon.pl\/2016\/#organization\"},\"potentialAction\":[{\"@type\":\"SearchAction\",\"target\":{\"@type\":\"EntryPoint\",\"urlTemplate\":\"https:\/\/retreat.hardkon.pl\/2016\/?s={search_term_string}\"},\"query-input\":{\"@type\":\"PropertyValueSpecification\",\"valueRequired\":true,\"valueName\":\"search_term_string\"}}],\"inLanguage\":\"pl-PL\"},{\"@type\":\"Organization\",\"@id\":\"https:\/\/retreat.hardkon.pl\/2016\/#organization\",\"name\":\"Hardkon - 2016 Larpers&#039; Retreat\",\"url\":\"https:\/\/retreat.hardkon.pl\/2016\/\",\"logo\":{\"@type\":\"ImageObject\",\"inLanguage\":\"pl-PL\",\"@id\":\"https:\/\/retreat.hardkon.pl\/2016\/#\/schema\/logo\/image\/\",\"url\":\"https:\/\/retreat.hardkon.pl\/2016\/wp-content\/uploads\/sites\/3\/2016\/02\/HLG-2016-logo.png\",\"contentUrl\":\"https:\/\/retreat.hardkon.pl\/2016\/wp-content\/uploads\/sites\/3\/2016\/02\/HLG-2016-logo.png\",\"width\":500,\"height\":60,\"caption\":\"Hardkon - 2016 Larpers&#039; Retreat\"},\"image\":{\"@id\":\"https:\/\/retreat.hardkon.pl\/2016\/#\/schema\/logo\/image\/\"}},{\"@type\":\"Person\",\"@id\":\"https:\/\/retreat.hardkon.pl\/2016\/#\/schema\/person\/fb601a2c3a7b2e26436b81f350676413\",\"name\":\"Piotr Milewski\",\"image\":{\"@type\":\"ImageObject\",\"inLanguage\":\"pl-PL\",\"@id\":\"https:\/\/secure.gravatar.com\/avatar\/7579c28254a1e3fb532b305d0ad84619bce4597a5ce0fe0edffd414168a68d0f?s=96&d=mm&r=g\",\"url\":\"https:\/\/secure.gravatar.com\/avatar\/7579c28254a1e3fb532b305d0ad84619bce4597a5ce0fe0edffd414168a68d0f?s=96&d=mm&r=g\",\"contentUrl\":\"https:\/\/secure.gravatar.com\/avatar\/7579c28254a1e3fb532b305d0ad84619bce4597a5ce0fe0edffd414168a68d0f?s=96&d=mm&r=g\",\"caption\":\"Piotr Milewski\"},\"url\":\"https:\/\/retreat.hardkon.pl\/2016\/author\/piotrmilewski\/\"}]}<\/script>\n<!-- \/ Yoast SEO plugin. -->","yoast_head_json":{"title":"Notatki z ucieczki - wtorek - Hardkon - 2016 Larpers&#039; Retreat","robots":{"index":"index","follow":"follow","max-snippet":"max-snippet:-1","max-image-preview":"max-image-preview:large","max-video-preview":"max-video-preview:-1"},"canonical":"https:\/\/retreat.hardkon.pl\/2016\/notatki-ucieczki-wtorek\/","og_locale":"pl_PL","og_type":"article","og_title":"Notatki z ucieczki - wtorek - Hardkon - 2016 Larpers&#039; Retreat","og_description":"Notat\u00adki z uciecz\u00adki, 6 wrze\u00ad\u015bnia \u2013 Cho\u00adco&nbsp;Merry Kocha\u00adny dzienniku, Pogo\u00adda si\u0119 popra\u00adwi\u00ad\u0142a, co ozna\u00adcza wi\u0119\u00adcej k\u0105pie\u00adli w jezio\u00adrze i to w pro\u00admie\u00adniach s\u0142o\u0144\u00adca. Nie wiem jak to wp\u0142y\u00adnie na nasz\u0105 pra\u00adc\u0119, ale na pew\u00adno popra\u00adwia samo\u00adpo\u00adczu\u00adcie. Przy\u00adby\u00ad\u0142a te\u017c do nas Bra\u00adids, co mia\u00ad\u0142o ogrom\u00adny&nbsp;wp\u0142yw&nbsp;na wie\u00adczor\u00adn\u0105 sesj\u0119 two\u00adrze\u00adnia nano\u00adlar\u00adp\u00f3w. Ale o tym za chwi\u00adl\u0119, naj\u00adpierw pora [&hellip;]","og_url":"https:\/\/retreat.hardkon.pl\/2016\/notatki-ucieczki-wtorek\/","og_site_name":"Hardkon - 2016 Larpers&#039; Retreat","article_published_time":"2016-09-07T20:20:06+00:00","article_modified_time":"2016-09-08T20:40:27+00:00","og_image":[{"width":1500,"height":1125,"url":"https:\/\/i0.wp.com\/retreat.hardkon.pl\/2016\/wp-content\/uploads\/sites\/3\/2016\/09\/klocki.jpg?fit=1500%2C1125&ssl=1","type":"image\/jpeg"}],"author":"Piotr Milewski","twitter_card":"summary_large_image","twitter_misc":{"Napisane przez":"Piotr Milewski","Szacowany czas czytania":"6 minut"},"schema":{"@context":"https:\/\/schema.org","@graph":[{"@type":"Article","@id":"https:\/\/retreat.hardkon.pl\/2016\/notatki-ucieczki-wtorek\/#article","isPartOf":{"@id":"https:\/\/retreat.hardkon.pl\/2016\/notatki-ucieczki-wtorek\/"},"author":{"name":"Piotr Milewski","@id":"https:\/\/retreat.hardkon.pl\/2016\/#\/schema\/person\/fb601a2c3a7b2e26436b81f350676413"},"headline":"Notatki z ucieczki \u2013 wtorek","datePublished":"2016-09-07T20:20:06+00:00","dateModified":"2016-09-08T20:40:27+00:00","mainEntityOfPage":{"@id":"https:\/\/retreat.hardkon.pl\/2016\/notatki-ucieczki-wtorek\/"},"wordCount":1263,"publisher":{"@id":"https:\/\/retreat.hardkon.pl\/2016\/#organization"},"image":{"@id":"https:\/\/retreat.hardkon.pl\/2016\/notatki-ucieczki-wtorek\/#primaryimage"},"thumbnailUrl":"https:\/\/retreat.hardkon.pl\/2016\/wp-content\/uploads\/sites\/3\/2016\/09\/klocki.jpg","keywords":["bohater","design","Joseph Cambell","karta postaci","larp","larpy","monomit","posta\u0107","rola"],"inLanguage":"pl-PL"},{"@type":"WebPage","@id":"https:\/\/retreat.hardkon.pl\/2016\/notatki-ucieczki-wtorek\/","url":"https:\/\/retreat.hardkon.pl\/2016\/notatki-ucieczki-wtorek\/","name":"Notatki z ucieczki - wtorek - Hardkon - 2016 Larpers&#039; Retreat","isPartOf":{"@id":"https:\/\/retreat.hardkon.pl\/2016\/#website"},"primaryImageOfPage":{"@id":"https:\/\/retreat.hardkon.pl\/2016\/notatki-ucieczki-wtorek\/#primaryimage"},"image":{"@id":"https:\/\/retreat.hardkon.pl\/2016\/notatki-ucieczki-wtorek\/#primaryimage"},"thumbnailUrl":"https:\/\/retreat.hardkon.pl\/2016\/wp-content\/uploads\/sites\/3\/2016\/09\/klocki.jpg","datePublished":"2016-09-07T20:20:06+00:00","dateModified":"2016-09-08T20:40:27+00:00","breadcrumb":{"@id":"https:\/\/retreat.hardkon.pl\/2016\/notatki-ucieczki-wtorek\/#breadcrumb"},"inLanguage":"pl-PL","potentialAction":[{"@type":"ReadAction","target":["https:\/\/retreat.hardkon.pl\/2016\/notatki-ucieczki-wtorek\/"]}]},{"@type":"ImageObject","inLanguage":"pl-PL","@id":"https:\/\/retreat.hardkon.pl\/2016\/notatki-ucieczki-wtorek\/#primaryimage","url":"https:\/\/retreat.hardkon.pl\/2016\/wp-content\/uploads\/sites\/3\/2016\/09\/klocki.jpg","contentUrl":"https:\/\/retreat.hardkon.pl\/2016\/wp-content\/uploads\/sites\/3\/2016\/09\/klocki.jpg","width":1500,"height":1125},{"@type":"BreadcrumbList","@id":"https:\/\/retreat.hardkon.pl\/2016\/notatki-ucieczki-wtorek\/#breadcrumb","itemListElement":[{"@type":"ListItem","position":1,"name":"Strona g\u0142\u00f3wna","item":"https:\/\/retreat.hardkon.pl\/2016\/"},{"@type":"ListItem","position":2,"name":"Notatki z ucieczki \u2013 wtorek"}]},{"@type":"WebSite","@id":"https:\/\/retreat.hardkon.pl\/2016\/#website","url":"https:\/\/retreat.hardkon.pl\/2016\/","name":"Hardkon - 2016 Larpers&#039; Retreat","description":"Hardkon Larpers&#039; Retreat edycja 2016","publisher":{"@id":"https:\/\/retreat.hardkon.pl\/2016\/#organization"},"potentialAction":[{"@type":"SearchAction","target":{"@type":"EntryPoint","urlTemplate":"https:\/\/retreat.hardkon.pl\/2016\/?s={search_term_string}"},"query-input":{"@type":"PropertyValueSpecification","valueRequired":true,"valueName":"search_term_string"}}],"inLanguage":"pl-PL"},{"@type":"Organization","@id":"https:\/\/retreat.hardkon.pl\/2016\/#organization","name":"Hardkon - 2016 Larpers&#039; Retreat","url":"https:\/\/retreat.hardkon.pl\/2016\/","logo":{"@type":"ImageObject","inLanguage":"pl-PL","@id":"https:\/\/retreat.hardkon.pl\/2016\/#\/schema\/logo\/image\/","url":"https:\/\/retreat.hardkon.pl\/2016\/wp-content\/uploads\/sites\/3\/2016\/02\/HLG-2016-logo.png","contentUrl":"https:\/\/retreat.hardkon.pl\/2016\/wp-content\/uploads\/sites\/3\/2016\/02\/HLG-2016-logo.png","width":500,"height":60,"caption":"Hardkon - 2016 Larpers&#039; Retreat"},"image":{"@id":"https:\/\/retreat.hardkon.pl\/2016\/#\/schema\/logo\/image\/"}},{"@type":"Person","@id":"https:\/\/retreat.hardkon.pl\/2016\/#\/schema\/person\/fb601a2c3a7b2e26436b81f350676413","name":"Piotr Milewski","image":{"@type":"ImageObject","inLanguage":"pl-PL","@id":"https:\/\/secure.gravatar.com\/avatar\/7579c28254a1e3fb532b305d0ad84619bce4597a5ce0fe0edffd414168a68d0f?s=96&d=mm&r=g","url":"https:\/\/secure.gravatar.com\/avatar\/7579c28254a1e3fb532b305d0ad84619bce4597a5ce0fe0edffd414168a68d0f?s=96&d=mm&r=g","contentUrl":"https:\/\/secure.gravatar.com\/avatar\/7579c28254a1e3fb532b305d0ad84619bce4597a5ce0fe0edffd414168a68d0f?s=96&d=mm&r=g","caption":"Piotr Milewski"},"url":"https:\/\/retreat.hardkon.pl\/2016\/author\/piotrmilewski\/"}]}},"_links":{"self":[{"href":"https:\/\/retreat.hardkon.pl\/2016\/wp-json\/wp\/v2\/posts\/1056","targetHints":{"allow":["GET"]}}],"collection":[{"href":"https:\/\/retreat.hardkon.pl\/2016\/wp-json\/wp\/v2\/posts"}],"about":[{"href":"https:\/\/retreat.hardkon.pl\/2016\/wp-json\/wp\/v2\/types\/post"}],"author":[{"embeddable":true,"href":"https:\/\/retreat.hardkon.pl\/2016\/wp-json\/wp\/v2\/users\/2"}],"replies":[{"embeddable":true,"href":"https:\/\/retreat.hardkon.pl\/2016\/wp-json\/wp\/v2\/comments?post=1056"}],"version-history":[{"count":0,"href":"https:\/\/retreat.hardkon.pl\/2016\/wp-json\/wp\/v2\/posts\/1056\/revisions"}],"wp:featuredmedia":[{"embeddable":true,"href":"https:\/\/retreat.hardkon.pl\/2016\/wp-json\/wp\/v2\/media\/1058"}],"wp:attachment":[{"href":"https:\/\/retreat.hardkon.pl\/2016\/wp-json\/wp\/v2\/media?parent=1056"}],"wp:term":[{"taxonomy":"category","embeddable":true,"href":"https:\/\/retreat.hardkon.pl\/2016\/wp-json\/wp\/v2\/categories?post=1056"},{"taxonomy":"post_tag","embeddable":true,"href":"https:\/\/retreat.hardkon.pl\/2016\/wp-json\/wp\/v2\/tags?post=1056"}],"curies":[{"name":"wp","href":"https:\/\/api.w.org\/{rel}","templated":true}]}}