{"id":1412,"date":"2018-09-01T19:53:58","date_gmt":"2018-09-01T17:53:58","guid":{"rendered":"http:\/\/retreat.hardkon.pl\/2018\/?p=1412"},"modified":"2018-09-02T10:08:36","modified_gmt":"2018-09-02T08:08:36","slug":"notatki-z-ucieczki-piatek","status":"publish","type":"post","link":"https:\/\/retreat.hardkon.pl\/2018\/notatki-z-ucieczki-piatek\/","title":{"rendered":"Notatki z ucieczki \u2013 pi\u0105tek"},"content":{"rendered":"<p class=\"western\" lang=\"zxx\">Notat\u00adki z uciecz\u00adki, 31 sierp\u00adnia \u2013 A Bat&nbsp;Day<\/p>\n<p class=\"western\" lang=\"zxx\">Kocha\u00adny dzienniku,<\/p>\n<p lang=\"zxx\">Jeste\u00ad\u015bmy tu zn\u00f3w. Pola jak co roku powi\u00adta\u00ad\u0142y nas gry\u00adcza\u00adn\u0105 czer\u00adwie\u00adni\u0105. Jeste\u00ad\u015bmy Tu\u2026 Ale w tym roku jest nam trud\u00adniej ni\u017c kie\u00addy\u00adkol\u00adwiek wcze\u00ad\u015bniej zosta\u00adwi\u0107 \u201cTam\u201d, gdzie jego miej\u00adsce \u2013 to zna\u00adczy dale\u00adko. Oby si\u0119&nbsp;uda\u0142o.<\/p>\n<p lang=\"zxx\">Zapa\u00adko\u00adwa\u00adni po dach ksi\u0105\u017c\u00adka\u00admi, flip\u00adchar\u00adta\u00admi, lamp\u00adka\u00admi, pisa\u00adka\u00admi l\u0105du\u00adje\u00admy na Ala\u00adsce. Raczej ulga ni\u017c rado\u015b\u0107. Nie\u00adpo\u00adk\u00f3j gdzie\u015b w \u015brod\u00adku, bo zna\u00adjo\u00adme miej\u00adsce wyda\u00adje si\u0119 inne, nie\u00adto\u017c\u00adsa\u00adme. Nie\u00adspo\u00addzian\u00adka! Wita nas daw\u00adno nie widzia\u00adny Banan, widzi\u00admy te\u017c Kape\u00adlu\u00adszy, kt\u00f3\u00adrzy odpo\u00adczy\u00adwa\u00adj\u0105 tu od tygo\u00addnia. Zrzu\u00adca\u00admy sprz\u0119t, paku\u00adje\u00admy Bana\u00adna do samo\u00adcho\u00addu i \u015bmi\u00adga\u00admy&nbsp; po Doro\u00adt\u0119, kt\u00f3\u00adre cze\u00adka na nas od kil\u00adku godzin w Lipnicy.<br>\nSzyb\u00adka podr\u00f3\u017c w\u0105skim asfal\u00adtem. Rado\u00adsne spo\u00adtka\u00adnie, ksi\u0105\u017c\u00adka w pre\u00adzen\u00adcie od Doro\u00adty, pro\u00adsto do lar\u00adpo\u00adwej biblio\u00adtecz\u00adki. B\u0119dzie czy\u00adta\u00adne! Kola\u00adcja, pie\u00adro\u00adgi i lar\u00adpo\u00adwe gada\u00adnie. Mia\u00ad\u0142o nie by\u0107 lar\u00adpo\u00adwe\u00adgo gada\u00adnia tego wie\u00adczo\u00adru, ale&nbsp;jest.<br>\nZ powro\u00adtem na Ala\u00adsce. Anek\u00adtu\u00adje\u00admy jadal\u00adni\u0119. Roz\u00adwi\u00adja\u00admy wyk\u0142a\u00addzi\u00adny, prze\u00adsta\u00adwia\u00admy sto\u00ad\u0142y, zapa\u00adla\u00admy bia\u00ad\u0142e lamp\u00adki z&nbsp;<em>Wszyt\u00adko dla N.&nbsp;<\/em>Pro\u00adces prze\u00adry\u00adwa nie\u00adto\u00adperz, kt\u00f3\u00adre\u00admu naru\u00adszy\u00adli\u00ad\u015bmy domo\u00adwy mir. Trud\u00adno stwier\u00addzi\u0107 kto si\u0119 boi bar\u00addziej. On lata w k\u00f3\u0142\u00adko, my sta\u00adra\u00admy si\u0119 wska\u00adza\u0107 mu drzwi, on w ko\u0144\u00adcu bun\u00adkru\u00adje si\u0119 w jakim\u015b zak\u0105t\u00adku. Mie\u00ad\u015bci\u00admy si\u0119 razem w jed\u00adnej prze\u00adstrze\u00adni. Jadal\u00adnia sta\u00adje si\u0119 miej\u00adscem pra\u00adcy. Doje\u017c\u00add\u017ca do nas moc\u00adno sp\u00f3\u017a\u00adnio\u00adny&nbsp;Pablo.<br>\nWyci\u0105\u00adga\u00admy wino, sia\u00adda\u00admy w si\u00f3\u00addem\u00adk\u0119 przy sto\u00adle i ofi\u00adcjal\u00adnie otwie\u00adra\u00admy nasza czwar\u00adt\u0105 uciecz\u00adk\u0119. Ucie\u00adka mi auto\u00adbus ha#tag\u00f3w, bo ich nie zapi\u00adsu\u00adje. Prze\u00adcie\u017c zapami\u0119tam.<\/p>\n<p lang=\"zxx\">Od jutra wyk\u0142a\u00addy, dys\u00adku\u00adsje, pro\u00adto\u00adty\u00adpo\u00adwa\u00adnie. Przy\u00adja\u00add\u0105 kolej\u00adni uczest\u00adni\u00adcy, ja wpad\u00adn\u0119 w codzien\u00adny rytm pisa\u00adnia blo\u00adga. Musi\u00admy odwie\u00addzi\u0107 jezio\u00adro, p\u00f3j\u015b\u0107 na spa\u00adcer, prze\u00adwie\u00adtrzy\u0107 g\u0142o\u00adw\u0119. Poga\u00adpi\u0107 si\u0119 na chmu\u00adry.&nbsp; Cie\u00adka\u00adwe, z czym wr\u00f3\u00adci\u00admy w tym&nbsp;roku?<\/p>\n","protected":false},"excerpt":{"rendered":"<p>Notat\u00adki z uciecz\u00adki, 31 sierp\u00adnia \u2013 A Bat&nbsp;Day Kocha\u00adny dzien\u00adni\u00adku, Jeste\u00ad\u015bmy tu zn\u00f3w. Pola jak co roku powi\u00adta\u00ad\u0142y nas gry\u00adcza\u00adn\u0105 czer\u00adwie\u00adni\u0105. Jeste\u00ad\u015bmy Tu\u2026 Ale w tym roku jest nam trud\u00adniej ni\u017c kie\u00addy\u00adkol\u00adwiek wcze\u00ad\u015bniej zosta\u00adwi\u0107 \u201cTam\u201d, gdzie jego miej\u00adsce \u2013 to zna\u00adczy dale\u00adko. Oby si\u0119&nbsp;uda\u00ad\u0142o. Zapa\u00adko\u00adwa\u00adni po dach ksi\u0105\u017c\u00adka\u00admi, flip\u00adchar\u00adta\u00admi, lamp\u00adka\u00admi, pisa\u00adka\u00admi l\u0105du\u00adje\u00admy na Ala\u00adsce. Raczej&nbsp;[\u2026]<\/p>\n","protected":false},"author":2,"featured_media":1413,"comment_status":"closed","ping_status":"open","sticky":false,"template":"","format":"standard","meta":{"wp_typography_post_enhancements_disabled":false,"_monsterinsights_skip_tracking":false,"_monsterinsights_sitenote_active":false,"_monsterinsights_sitenote_note":"","_monsterinsights_sitenote_category":0,"footnotes":""},"categories":[10],"tags":[19,17,45],"class_list":["post-1412","post","type-post","status-publish","format-standard","has-post-thumbnail","hentry","category-news","tag-design","tag-larp","tag-larpy"],"yoast_head":"<!-- This site is optimized with the Yoast SEO plugin v27.2 - https:\/\/yoast.com\/product\/yoast-seo-wordpress\/ -->\n<title>Notatki z ucieczki - pi\u0105tek - Hardkon - 2018 Larpers&#039; Retreat<\/title>\n<meta name=\"robots\" content=\"index, follow, max-snippet:-1, max-image-preview:large, max-video-preview:-1\" \/>\n<link rel=\"canonical\" href=\"https:\/\/retreat.hardkon.pl\/2018\/notatki-z-ucieczki-piatek\/\" \/>\n<meta property=\"og:locale\" content=\"pl_PL\" \/>\n<meta property=\"og:type\" content=\"article\" \/>\n<meta property=\"og:title\" content=\"Notatki z ucieczki - pi\u0105tek - Hardkon - 2018 Larpers&#039; Retreat\" \/>\n<meta property=\"og:description\" content=\"Notat\u00adki z uciecz\u00adki, 31 sierp\u00adnia \u2013 A Bat&nbsp;Day Kocha\u00adny dzienniku, Jeste\u00ad\u015bmy tu zn\u00f3w. Pola jak co roku powi\u00adta\u00ad\u0142y nas gry\u00adcza\u00adn\u0105 czer\u00adwie\u00adni\u0105. Jeste\u00ad\u015bmy Tu\u2026 Ale w tym roku jest nam trud\u00adniej ni\u017c kie\u00addy\u00adkol\u00adwiek wcze\u00ad\u015bniej zosta\u00adwi\u0107 \u201cTam\u201d, gdzie jego miej\u00adsce \u2013 to zna\u00adczy dale\u00adko. Oby si\u0119&nbsp;uda\u0142o. Zapa\u00adko\u00adwa\u00adni po dach ksi\u0105\u017c\u00adka\u00admi, flip\u00adchar\u00adta\u00admi, lamp\u00adka\u00admi, pisa\u00adka\u00admi l\u0105du\u00adje\u00admy na Ala\u00adsce. Raczej [&hellip;]\" \/>\n<meta property=\"og:url\" content=\"https:\/\/retreat.hardkon.pl\/2018\/notatki-z-ucieczki-piatek\/\" \/>\n<meta property=\"og:site_name\" content=\"Hardkon - 2018 Larpers&#039; Retreat\" \/>\n<meta property=\"article:published_time\" content=\"2018-09-01T17:53:58+00:00\" \/>\n<meta property=\"article:modified_time\" content=\"2018-09-02T08:08:36+00:00\" \/>\n<meta property=\"og:image\" content=\"https:\/\/i0.wp.com\/retreat.hardkon.pl\/2018\/wp-content\/uploads\/sites\/7\/2018\/09\/hlr18-nius-piatek-01.jpg?fit=1500%2C1125&ssl=1\" \/>\n\t<meta property=\"og:image:width\" content=\"1500\" \/>\n\t<meta property=\"og:image:height\" content=\"1125\" \/>\n\t<meta property=\"og:image:type\" content=\"image\/jpeg\" \/>\n<meta name=\"author\" content=\"Piotr Milewski\" \/>\n<meta name=\"twitter:card\" content=\"summary_large_image\" \/>\n<meta name=\"twitter:label1\" content=\"Napisane przez\" \/>\n\t<meta name=\"twitter:data1\" content=\"Piotr Milewski\" \/>\n\t<meta name=\"twitter:label2\" content=\"Szacowany czas czytania\" \/>\n\t<meta name=\"twitter:data2\" content=\"1 minuta\" \/>\n<script type=\"application\/ld+json\" class=\"yoast-schema-graph\">{\"@context\":\"https:\/\/schema.org\",\"@graph\":[{\"@type\":\"Article\",\"@id\":\"https:\/\/retreat.hardkon.pl\/2018\/notatki-z-ucieczki-piatek\/#article\",\"isPartOf\":{\"@id\":\"https:\/\/retreat.hardkon.pl\/2018\/notatki-z-ucieczki-piatek\/\"},\"author\":{\"name\":\"Piotr Milewski\",\"@id\":\"https:\/\/retreat.hardkon.pl\/2018\/#\/schema\/person\/fb601a2c3a7b2e26436b81f350676413\"},\"headline\":\"Notatki z ucieczki \u2013 pi\u0105tek\",\"datePublished\":\"2018-09-01T17:53:58+00:00\",\"dateModified\":\"2018-09-02T08:08:36+00:00\",\"mainEntityOfPage\":{\"@id\":\"https:\/\/retreat.hardkon.pl\/2018\/notatki-z-ucieczki-piatek\/\"},\"wordCount\":300,\"publisher\":{\"@id\":\"https:\/\/retreat.hardkon.pl\/2018\/#organization\"},\"image\":{\"@id\":\"https:\/\/retreat.hardkon.pl\/2018\/notatki-z-ucieczki-piatek\/#primaryimage\"},\"thumbnailUrl\":\"https:\/\/retreat.hardkon.pl\/2018\/wp-content\/uploads\/sites\/7\/2018\/09\/hlr18-nius-piatek-01.jpg\",\"keywords\":[\"design\",\"larp\",\"larpy\"],\"articleSection\":[\"News\"],\"inLanguage\":\"pl-PL\"},{\"@type\":\"WebPage\",\"@id\":\"https:\/\/retreat.hardkon.pl\/2018\/notatki-z-ucieczki-piatek\/\",\"url\":\"https:\/\/retreat.hardkon.pl\/2018\/notatki-z-ucieczki-piatek\/\",\"name\":\"Notatki z ucieczki - pi\u0105tek - Hardkon - 2018 Larpers&#039; Retreat\",\"isPartOf\":{\"@id\":\"https:\/\/retreat.hardkon.pl\/2018\/#website\"},\"primaryImageOfPage\":{\"@id\":\"https:\/\/retreat.hardkon.pl\/2018\/notatki-z-ucieczki-piatek\/#primaryimage\"},\"image\":{\"@id\":\"https:\/\/retreat.hardkon.pl\/2018\/notatki-z-ucieczki-piatek\/#primaryimage\"},\"thumbnailUrl\":\"https:\/\/retreat.hardkon.pl\/2018\/wp-content\/uploads\/sites\/7\/2018\/09\/hlr18-nius-piatek-01.jpg\",\"datePublished\":\"2018-09-01T17:53:58+00:00\",\"dateModified\":\"2018-09-02T08:08:36+00:00\",\"breadcrumb\":{\"@id\":\"https:\/\/retreat.hardkon.pl\/2018\/notatki-z-ucieczki-piatek\/#breadcrumb\"},\"inLanguage\":\"pl-PL\",\"potentialAction\":[{\"@type\":\"ReadAction\",\"target\":[\"https:\/\/retreat.hardkon.pl\/2018\/notatki-z-ucieczki-piatek\/\"]}]},{\"@type\":\"ImageObject\",\"inLanguage\":\"pl-PL\",\"@id\":\"https:\/\/retreat.hardkon.pl\/2018\/notatki-z-ucieczki-piatek\/#primaryimage\",\"url\":\"https:\/\/retreat.hardkon.pl\/2018\/wp-content\/uploads\/sites\/7\/2018\/09\/hlr18-nius-piatek-01.jpg\",\"contentUrl\":\"https:\/\/retreat.hardkon.pl\/2018\/wp-content\/uploads\/sites\/7\/2018\/09\/hlr18-nius-piatek-01.jpg\",\"width\":1500,\"height\":1125},{\"@type\":\"BreadcrumbList\",\"@id\":\"https:\/\/retreat.hardkon.pl\/2018\/notatki-z-ucieczki-piatek\/#breadcrumb\",\"itemListElement\":[{\"@type\":\"ListItem\",\"position\":1,\"name\":\"Strona g\u0142\u00f3wna\",\"item\":\"https:\/\/retreat.hardkon.pl\/2018\/\"},{\"@type\":\"ListItem\",\"position\":2,\"name\":\"Notatki z ucieczki \u2013 pi\u0105tek\"}]},{\"@type\":\"WebSite\",\"@id\":\"https:\/\/retreat.hardkon.pl\/2018\/#website\",\"url\":\"https:\/\/retreat.hardkon.pl\/2018\/\",\"name\":\"Hardkon - 2018 Larpers&#039; Retreat\",\"description\":\"Hardkon Larpers&#039; Retreat edycja 2018\",\"publisher\":{\"@id\":\"https:\/\/retreat.hardkon.pl\/2018\/#organization\"},\"potentialAction\":[{\"@type\":\"SearchAction\",\"target\":{\"@type\":\"EntryPoint\",\"urlTemplate\":\"https:\/\/retreat.hardkon.pl\/2018\/?s={search_term_string}\"},\"query-input\":{\"@type\":\"PropertyValueSpecification\",\"valueRequired\":true,\"valueName\":\"search_term_string\"}}],\"inLanguage\":\"pl-PL\"},{\"@type\":\"Organization\",\"@id\":\"https:\/\/retreat.hardkon.pl\/2018\/#organization\",\"name\":\"Hardkon - 2018 Larpers&#039; Retreat\",\"url\":\"https:\/\/retreat.hardkon.pl\/2018\/\",\"logo\":{\"@type\":\"ImageObject\",\"inLanguage\":\"pl-PL\",\"@id\":\"https:\/\/retreat.hardkon.pl\/2018\/#\/schema\/logo\/image\/\",\"url\":\"https:\/\/retreat.hardkon.pl\/2018\/wp-content\/uploads\/sites\/7\/2018\/04\/HLG-2018-logo.png\",\"contentUrl\":\"https:\/\/retreat.hardkon.pl\/2018\/wp-content\/uploads\/sites\/7\/2018\/04\/HLG-2018-logo.png\",\"width\":500,\"height\":60,\"caption\":\"Hardkon - 2018 Larpers&#039; Retreat\"},\"image\":{\"@id\":\"https:\/\/retreat.hardkon.pl\/2018\/#\/schema\/logo\/image\/\"}},{\"@type\":\"Person\",\"@id\":\"https:\/\/retreat.hardkon.pl\/2018\/#\/schema\/person\/fb601a2c3a7b2e26436b81f350676413\",\"name\":\"Piotr Milewski\",\"image\":{\"@type\":\"ImageObject\",\"inLanguage\":\"pl-PL\",\"@id\":\"https:\/\/secure.gravatar.com\/avatar\/7579c28254a1e3fb532b305d0ad84619bce4597a5ce0fe0edffd414168a68d0f?s=96&d=mm&r=g\",\"url\":\"https:\/\/secure.gravatar.com\/avatar\/7579c28254a1e3fb532b305d0ad84619bce4597a5ce0fe0edffd414168a68d0f?s=96&d=mm&r=g\",\"contentUrl\":\"https:\/\/secure.gravatar.com\/avatar\/7579c28254a1e3fb532b305d0ad84619bce4597a5ce0fe0edffd414168a68d0f?s=96&d=mm&r=g\",\"caption\":\"Piotr Milewski\"},\"url\":\"https:\/\/retreat.hardkon.pl\/2018\/author\/piotrmilewski\/\"}]}<\/script>\n<!-- \/ Yoast SEO plugin. -->","yoast_head_json":{"title":"Notatki z ucieczki - pi\u0105tek - Hardkon - 2018 Larpers&#039; Retreat","robots":{"index":"index","follow":"follow","max-snippet":"max-snippet:-1","max-image-preview":"max-image-preview:large","max-video-preview":"max-video-preview:-1"},"canonical":"https:\/\/retreat.hardkon.pl\/2018\/notatki-z-ucieczki-piatek\/","og_locale":"pl_PL","og_type":"article","og_title":"Notatki z ucieczki - pi\u0105tek - Hardkon - 2018 Larpers&#039; Retreat","og_description":"Notat\u00adki z uciecz\u00adki, 31 sierp\u00adnia \u2013 A Bat&nbsp;Day Kocha\u00adny dzienniku, Jeste\u00ad\u015bmy tu zn\u00f3w. Pola jak co roku powi\u00adta\u00ad\u0142y nas gry\u00adcza\u00adn\u0105 czer\u00adwie\u00adni\u0105. Jeste\u00ad\u015bmy Tu\u2026 Ale w tym roku jest nam trud\u00adniej ni\u017c kie\u00addy\u00adkol\u00adwiek wcze\u00ad\u015bniej zosta\u00adwi\u0107 \u201cTam\u201d, gdzie jego miej\u00adsce \u2013 to zna\u00adczy dale\u00adko. Oby si\u0119&nbsp;uda\u0142o. Zapa\u00adko\u00adwa\u00adni po dach ksi\u0105\u017c\u00adka\u00admi, flip\u00adchar\u00adta\u00admi, lamp\u00adka\u00admi, pisa\u00adka\u00admi l\u0105du\u00adje\u00admy na Ala\u00adsce. Raczej [&hellip;]","og_url":"https:\/\/retreat.hardkon.pl\/2018\/notatki-z-ucieczki-piatek\/","og_site_name":"Hardkon - 2018 Larpers&#039; Retreat","article_published_time":"2018-09-01T17:53:58+00:00","article_modified_time":"2018-09-02T08:08:36+00:00","og_image":[{"width":1500,"height":1125,"url":"https:\/\/i0.wp.com\/retreat.hardkon.pl\/2018\/wp-content\/uploads\/sites\/7\/2018\/09\/hlr18-nius-piatek-01.jpg?fit=1500%2C1125&ssl=1","type":"image\/jpeg"}],"author":"Piotr Milewski","twitter_card":"summary_large_image","twitter_misc":{"Napisane przez":"Piotr Milewski","Szacowany czas czytania":"1 minuta"},"schema":{"@context":"https:\/\/schema.org","@graph":[{"@type":"Article","@id":"https:\/\/retreat.hardkon.pl\/2018\/notatki-z-ucieczki-piatek\/#article","isPartOf":{"@id":"https:\/\/retreat.hardkon.pl\/2018\/notatki-z-ucieczki-piatek\/"},"author":{"name":"Piotr Milewski","@id":"https:\/\/retreat.hardkon.pl\/2018\/#\/schema\/person\/fb601a2c3a7b2e26436b81f350676413"},"headline":"Notatki z ucieczki \u2013 pi\u0105tek","datePublished":"2018-09-01T17:53:58+00:00","dateModified":"2018-09-02T08:08:36+00:00","mainEntityOfPage":{"@id":"https:\/\/retreat.hardkon.pl\/2018\/notatki-z-ucieczki-piatek\/"},"wordCount":300,"publisher":{"@id":"https:\/\/retreat.hardkon.pl\/2018\/#organization"},"image":{"@id":"https:\/\/retreat.hardkon.pl\/2018\/notatki-z-ucieczki-piatek\/#primaryimage"},"thumbnailUrl":"https:\/\/retreat.hardkon.pl\/2018\/wp-content\/uploads\/sites\/7\/2018\/09\/hlr18-nius-piatek-01.jpg","keywords":["design","larp","larpy"],"articleSection":["News"],"inLanguage":"pl-PL"},{"@type":"WebPage","@id":"https:\/\/retreat.hardkon.pl\/2018\/notatki-z-ucieczki-piatek\/","url":"https:\/\/retreat.hardkon.pl\/2018\/notatki-z-ucieczki-piatek\/","name":"Notatki z ucieczki - pi\u0105tek - Hardkon - 2018 Larpers&#039; Retreat","isPartOf":{"@id":"https:\/\/retreat.hardkon.pl\/2018\/#website"},"primaryImageOfPage":{"@id":"https:\/\/retreat.hardkon.pl\/2018\/notatki-z-ucieczki-piatek\/#primaryimage"},"image":{"@id":"https:\/\/retreat.hardkon.pl\/2018\/notatki-z-ucieczki-piatek\/#primaryimage"},"thumbnailUrl":"https:\/\/retreat.hardkon.pl\/2018\/wp-content\/uploads\/sites\/7\/2018\/09\/hlr18-nius-piatek-01.jpg","datePublished":"2018-09-01T17:53:58+00:00","dateModified":"2018-09-02T08:08:36+00:00","breadcrumb":{"@id":"https:\/\/retreat.hardkon.pl\/2018\/notatki-z-ucieczki-piatek\/#breadcrumb"},"inLanguage":"pl-PL","potentialAction":[{"@type":"ReadAction","target":["https:\/\/retreat.hardkon.pl\/2018\/notatki-z-ucieczki-piatek\/"]}]},{"@type":"ImageObject","inLanguage":"pl-PL","@id":"https:\/\/retreat.hardkon.pl\/2018\/notatki-z-ucieczki-piatek\/#primaryimage","url":"https:\/\/retreat.hardkon.pl\/2018\/wp-content\/uploads\/sites\/7\/2018\/09\/hlr18-nius-piatek-01.jpg","contentUrl":"https:\/\/retreat.hardkon.pl\/2018\/wp-content\/uploads\/sites\/7\/2018\/09\/hlr18-nius-piatek-01.jpg","width":1500,"height":1125},{"@type":"BreadcrumbList","@id":"https:\/\/retreat.hardkon.pl\/2018\/notatki-z-ucieczki-piatek\/#breadcrumb","itemListElement":[{"@type":"ListItem","position":1,"name":"Strona g\u0142\u00f3wna","item":"https:\/\/retreat.hardkon.pl\/2018\/"},{"@type":"ListItem","position":2,"name":"Notatki z ucieczki \u2013 pi\u0105tek"}]},{"@type":"WebSite","@id":"https:\/\/retreat.hardkon.pl\/2018\/#website","url":"https:\/\/retreat.hardkon.pl\/2018\/","name":"Hardkon - 2018 Larpers&#039; Retreat","description":"Hardkon Larpers&#039; Retreat edycja 2018","publisher":{"@id":"https:\/\/retreat.hardkon.pl\/2018\/#organization"},"potentialAction":[{"@type":"SearchAction","target":{"@type":"EntryPoint","urlTemplate":"https:\/\/retreat.hardkon.pl\/2018\/?s={search_term_string}"},"query-input":{"@type":"PropertyValueSpecification","valueRequired":true,"valueName":"search_term_string"}}],"inLanguage":"pl-PL"},{"@type":"Organization","@id":"https:\/\/retreat.hardkon.pl\/2018\/#organization","name":"Hardkon - 2018 Larpers&#039; Retreat","url":"https:\/\/retreat.hardkon.pl\/2018\/","logo":{"@type":"ImageObject","inLanguage":"pl-PL","@id":"https:\/\/retreat.hardkon.pl\/2018\/#\/schema\/logo\/image\/","url":"https:\/\/retreat.hardkon.pl\/2018\/wp-content\/uploads\/sites\/7\/2018\/04\/HLG-2018-logo.png","contentUrl":"https:\/\/retreat.hardkon.pl\/2018\/wp-content\/uploads\/sites\/7\/2018\/04\/HLG-2018-logo.png","width":500,"height":60,"caption":"Hardkon - 2018 Larpers&#039; Retreat"},"image":{"@id":"https:\/\/retreat.hardkon.pl\/2018\/#\/schema\/logo\/image\/"}},{"@type":"Person","@id":"https:\/\/retreat.hardkon.pl\/2018\/#\/schema\/person\/fb601a2c3a7b2e26436b81f350676413","name":"Piotr Milewski","image":{"@type":"ImageObject","inLanguage":"pl-PL","@id":"https:\/\/secure.gravatar.com\/avatar\/7579c28254a1e3fb532b305d0ad84619bce4597a5ce0fe0edffd414168a68d0f?s=96&d=mm&r=g","url":"https:\/\/secure.gravatar.com\/avatar\/7579c28254a1e3fb532b305d0ad84619bce4597a5ce0fe0edffd414168a68d0f?s=96&d=mm&r=g","contentUrl":"https:\/\/secure.gravatar.com\/avatar\/7579c28254a1e3fb532b305d0ad84619bce4597a5ce0fe0edffd414168a68d0f?s=96&d=mm&r=g","caption":"Piotr Milewski"},"url":"https:\/\/retreat.hardkon.pl\/2018\/author\/piotrmilewski\/"}]}},"_links":{"self":[{"href":"https:\/\/retreat.hardkon.pl\/2018\/wp-json\/wp\/v2\/posts\/1412","targetHints":{"allow":["GET"]}}],"collection":[{"href":"https:\/\/retreat.hardkon.pl\/2018\/wp-json\/wp\/v2\/posts"}],"about":[{"href":"https:\/\/retreat.hardkon.pl\/2018\/wp-json\/wp\/v2\/types\/post"}],"author":[{"embeddable":true,"href":"https:\/\/retreat.hardkon.pl\/2018\/wp-json\/wp\/v2\/users\/2"}],"replies":[{"embeddable":true,"href":"https:\/\/retreat.hardkon.pl\/2018\/wp-json\/wp\/v2\/comments?post=1412"}],"version-history":[{"count":0,"href":"https:\/\/retreat.hardkon.pl\/2018\/wp-json\/wp\/v2\/posts\/1412\/revisions"}],"wp:featuredmedia":[{"embeddable":true,"href":"https:\/\/retreat.hardkon.pl\/2018\/wp-json\/wp\/v2\/media\/1413"}],"wp:attachment":[{"href":"https:\/\/retreat.hardkon.pl\/2018\/wp-json\/wp\/v2\/media?parent=1412"}],"wp:term":[{"taxonomy":"category","embeddable":true,"href":"https:\/\/retreat.hardkon.pl\/2018\/wp-json\/wp\/v2\/categories?post=1412"},{"taxonomy":"post_tag","embeddable":true,"href":"https:\/\/retreat.hardkon.pl\/2018\/wp-json\/wp\/v2\/tags?post=1412"}],"curies":[{"name":"wp","href":"https:\/\/api.w.org\/{rel}","templated":true}]}}