{"id":1422,"date":"2018-09-02T22:00:59","date_gmt":"2018-09-02T20:00:59","guid":{"rendered":"http:\/\/retreat.hardkon.pl\/2018\/?p=1422"},"modified":"2018-09-02T22:00:59","modified_gmt":"2018-09-02T20:00:59","slug":"notatki-z-ucieczki-sobota","status":"publish","type":"post","link":"https:\/\/retreat.hardkon.pl\/2018\/notatki-z-ucieczki-sobota\/","title":{"rendered":"Notatki z ucieczki \u2013 sobota"},"content":{"rendered":"<p>Sobo\u00adta, 1 wrze\u015bnia<\/p>\n<p>Kocha\u00adny dzienniku!<\/p>\n<p>Trzy lata nam zaj\u0119\u00ad\u0142o, zanim po raz pierw\u00adszy wypro\u00adwa\u00addzi\u00adli\u00ad\u015bmy nasz flip\u00adchart na spa\u00adcer pod go\u0142e nie\u00adbo. Dzi\u00adsiej\u00adsze pre\u00adzen\u00adta\u00adcje dnia odby\u00ad\u0142y si\u0119 pod lip\u0105. Wresz\u00adcie by\u0142o aku\u00adrat s\u0142o\u0144\u00adca i chmur. Ma\u0142o wia\u00adtru, wca\u00adle desz\u00adczu. Pierw\u00adsza prezentacja:<\/p>\n<p><em>Lar\u00adpo\u00adprzy\u00adja\u00adzne tech\u00adni\u00adki kreatywne<\/em><\/p>\n<p>Roz\u00adpo\u00adcz\u0119\u00adli\u00ad\u015bmy sze\u00adro\u00adkim \u0142ukiem od roz\u00admo\u00adwy o tym, czym jest sama kre\u00adatyw\u00adno\u015b\u0107. Potem prze\u00adszli\u00ad\u015bmy do my\u015ble\u00adnia kon\u00adwer\u00adgen\u00adcyj\u00adne\u00adgo, dywer\u00adgen\u00adcyj\u00adne\u00adgo i <a href=\"https:\/\/pl.wikipedia.org\/wiki\/My%C5%9Blenie_lateralne\" target=\"_blank\" rel=\"noopener\">late\u00adral\u00adne\u00adgo<\/a>. Ten ostat\u00adnio ter\u00admin wpro\u00adwa\u00addzi\u0142 do dys\u00adkur\u00adsu w 1967 roku Edward de Bono. Nazwi\u00adsko naj\u00adpew\u00adniej nicze\u00adgo wam nie m\u00f3wi, ale w\u015br\u00f3d fan\u00addo\u00admu, a zw\u0142asz\u00adcza plan\u00adsz\u00f3w\u00adko\u00adwi\u00adcz\u00f3w nie\u00adkt\u00f3\u00adre efek\u00adty jego pra\u00adcy s\u0105 dobrze zna\u00adne. Mowa o grach late\u00adral\u00adnych, kt\u00f3\u00adre uk\u0142a\u00adda\u0142, aby nauczy\u0107 ludzi nie\u00adsza\u00adblo\u00adno\u00adwe\u00adgo my\u015ble\u00adnia. Dzi\u00adsiaj kom\u00adpo\u00adnu\u00adj\u0105 je nowi auto\u00adrzy i mo\u017c\u00adna zna\u00adle\u017a\u0107 je w skle\u00adpach opa\u00adtrzo\u00adne taki\u00admi tytu\u00ad\u0142a\u00admi jak <em>Czar\u00adne histo\u00adrie<\/em> lub <em>Takie \u017cycie<\/em>.<br>\nEdward poda\u0142 5 zasad, kt\u00f3\u00adry\u00admi nale\u00ad\u017cy kie\u00adro\u00adwa\u0107 si\u0119 pod\u00adczas pra\u00adcy kre\u00adatyw\u00adnej. Brzmi\u0105 one:<\/p>\n<ul>\n<li>nie sto\u00adsuj si\u0119 do zasad, kt\u00f3\u00adrych nie&nbsp;ma;<\/li>\n<li>uwa\u00ad\u017caj na etykietki;<\/li>\n<li>obser\u00adwuj szczeg\u00f3\u0142y;<\/li>\n<li>zerwij z rutyn\u0105;<\/li>\n<li>miej poczu\u00adcie humoru.<\/li>\n<\/ul>\n<p>Om\u00f3\u00adwi\u00adli\u00ad\u015bmy je wszyst\u00adkie w kon\u00adtek\u00ad\u015bcie pisa\u00adnia lar\u00adp\u00f3w. Z mojej per\u00adspek\u00adty\u00adwy naj\u00adbar\u00addziej war\u00adto\u00ad\u015bcio\u00adwa jest trze\u00adcia rada \u2013 sto\u00adsu\u00adje\u00admy j\u0105 w pra\u00adcy na co dzie\u0144. Od kil\u00adku mie\u00adsi\u0119\u00adcy \u015bwia\u00addo\u00admie trak\u00adtu\u00adje\u00admy nasze gry jako sys\u00adte\u00admy. Ana\u00adli\u00adzu\u00adje\u00admy je pod k\u0105tem obiek\u00adt\u00f3w, rela\u00adcji, atry\u00adbu\u00adt\u00f3w i sta\u00adn\u00f3w. Sta\u00adra\u00admy si\u0119 uni\u00adka\u0107 nawy\u00adku, kt\u00f3\u00adry ma wi\u0119k\u00adszo\u015b\u0107 tw\u00f3r\u00adc\u00f3w \u2013 czy\u00adli dorzu\u00adca\u00adnia nowe\u00adgo obiek\u00adtu, gdy co\u015b nie dzia\u00ad\u0142a. Zamiast tego pra\u00adcu\u00adje\u00admy nad sta\u00adna\u00admi i atry\u00adbu\u00adta\u00admi, sta\u00adra\u00adj\u0105c si\u0119 zna\u00adle\u017a\u0107 roz\u00adwi\u0105\u00adza\u00adnie w mo\u017c\u00adli\u00adwie naj\u00addrob\u00adniej\u00adszym kom\u00adpo\u00adnen\u00adcie systemu.<br>\nOd de Bono p\u0142yn\u00adnie prze\u00adszli\u00ad\u015bmy do tech\u00adnik kre\u00adatyw\u00adnych, kt\u00f3\u00adre wyda\u00adj\u0105 si\u0119 przy\u00addat\u00adne w pro\u00adce\u00adsie pisa\u00adnia larp\u00f3w.<br>\nOm\u00f3\u00adwi\u00adli\u00ad\u015bmy kolejno:<\/p>\n<ul>\n<li>Sze\u015b\u0107 kape\u00adlu\u00adszy (r\u00f3w\u00adnie\u017c jego autorstwa);<\/li>\n<li>Odwr\u00f3\u00adco\u00adn\u0105&nbsp;burz\u0119;<\/li>\n<li>Robie\u00adnie niczego;<\/li>\n<li><span class=\"caps\">SCAMMPER<\/span>\u2019a<\/li>\n<li>F\u2011R-E\u2011E writ\u00adting;<\/li>\n<li>Super\u00adhe\u00adro\u00ades.<\/li>\n<\/ul>\n<p>Opi\u00adsy wszyst\u00adkich z nich znaj\u00addu\u00adj\u0105 si\u0119 <a href=\"https:\/\/www.mycoted.com\/Category:Creativity_Techniques\" target=\"_blank\" rel=\"noopener\"><span class=\"caps\">TEJ<\/span> <span class=\"caps\">STRONIE<\/span><\/a>. Jest tam te\u017c tona inne\u00adgo kre\u00adatyw\u00adne\u00adgo dobra, zach\u0119\u00adca\u00admy wi\u0119c do eks\u00adplo\u00adro\u00adwa\u00adnia tego serwisu.<br>\nOpo\u00adwie\u00addzia\u00ad\u0142em jesz\u00adcze jak pro\u00adwa\u00addzi\u0107 Dzien\u00adni\u00adczek Idei i po kr\u00f3t\u00adkiej prze\u00adrwie, zacz\u0119\u00ad\u0142a si\u0119 dru\u00adga prezentacja:<\/p>\n<p><em>Podr\u00f3\u017c Desi\u00adgner #1 \u2013 Vision Design (I have a&nbsp;dream)<\/em><\/p>\n<p>Pomys\u0142 na cykl pod\u00adrzu\u00adci\u0142 mi Miko\u00ad\u0142aj Wicher. \u201ePrzy\u00adda\u00ad\u0142o\u00adby si\u0119 co\u015b dla pocz\u0105t\u00adku\u00adj\u0105\u00adcych, jaka\u015b \u015bcie\u017c\u00adka desi\u00adgne\u00adra, czy co\u015b w tym sty\u00adlu\u201d powie\u00addzia\u0142, kie\u00addy wio\u00adsn\u0105 gada\u00adli\u00ad\u015bmy czym jesz\u00adcze wype\u0142\u00adni\u0107 pro\u00adgram. Sta\u00adn\u0105\u00ad\u0142em przed pro\u00adble\u00admem: jak w pigu\u0142\u00adce sprze\u00adda\u0107 meto\u00add\u0119 na pisa\u00adnie? Ka\u017c\u00addy tw\u00f3r\u00adca, kt\u00f3\u00adre\u00adgo spo\u00adtka\u00ad\u0142em, robi to tro\u00adch\u0119 ina\u00adczej. Usia\u00add\u0142em przy biur\u00adku, popi\u00adsa\u00ad\u0142em, tro\u00adch\u0119 pokre\u00ad\u015bli\u00ad\u0142em i zro\u00addzi\u0142 mi si\u0119 z tego trzy\u00adcz\u0119\u00ad\u015bcio\u00adwy cykl. Podzie\u00adli\u00ad\u0142em pro\u00adces na wizj\u0119 \/ two\u00adrze\u00adnie \/ przy\u00adgo\u00adto\u00adwa\u00adnie. Moim zda\u00adniem to trzy naj\u00adwa\u017c\u00adniej\u00adsze fazy powsta\u00adwa\u00adnia ka\u017c\u00adde\u00adgo&nbsp;larpu.<br>\nNa pierw\u00adszy ogie\u0144 posz\u0142a Wizja, okra\u00adszo\u00adna zda\u00adniem \u201eI have a&nbsp;dream\u201d.<\/p>\n<p>Zacz\u0105\u00ad\u0142em od tego, dla\u00adcze\u00adgo w og\u00f3\u00adle ludzie chc\u0105 pisa\u0107 lar\u00adpy. Zna\u00adla\u00adz\u0142em dwa g\u0142\u00f3w\u00adne powody.<br>\nPierw\u00adsze z nich, s\u0105 natu\u00adry arty\u00adstycz\u00adnej. To lar\u00adpy ser\u00adca. Wi\u0105\u00ad\u017c\u0105 si\u0119 z potrze\u00adb\u0105 eks\u00adpre\u00adsji. Pomys\u0142 na larp rodzi si\u0119 wte\u00addy, kie\u00addy wiem, \u017ce Chc\u0119 Co\u015b Powiedzie\u0107.<\/p>\n<ul>\n<li>Jest ba\u015b\u0144-opowie\u015b\u0107 w mojej g\u0142o\u00adwie, i chc\u0119 si\u0119 ni\u0105 podzieli\u0107.<\/li>\n<li>Wyobrazi\u0142em\/am sobie jaki\u015b \u015bwiat i chc\u0119 zoba\u00adczy\u0107 go na&nbsp;\u017cywo.<\/li>\n<li>Mam nie\u00aducze\u00adsa\u00adne my\u015bli, goni mnie temat, pro\u00adblem wizja i chc\u0119 j\u0105 zrozumie\u0107.<\/li>\n<\/ul>\n<p>Chc\u0119 zro\u00adbi\u0107 larp i ocze\u00adku\u00adj\u0119 od gra\u00adczy&nbsp;\u017ce:<\/p>\n<ul>\n<li>poczu\u00adj\u0105 to co&nbsp;ja\u2026<\/li>\n<li>pomy\u00ad\u015bl\u0105 i zasta\u00adno\u00adwi\u0105 si\u0119 nad czym\u015b ze&nbsp;mn\u0105\u2026<\/li>\n<li>pomo\u00adg\u0105 mi zna\u00adle\u017a\u0107 odpo\u00adwied\u017a na pytanie\u2026<\/li>\n<li>spraw\u00addzi\u00admy razem co si\u0119 sta\u00adnie&nbsp;je\u015bli\u2026<\/li>\n<\/ul>\n<p>Pierw\u00adszy larp pra\u00adwie zawsze rodzi si\u0119 w ten spo\u00ads\u00f3b. Pro\u00adblem pole\u00adga na tym, \u017ce jest to \u015bcie\u017c\u00adka do\u015b\u0107 ego\u00adistycz\u00adna. Na pocz\u0105t\u00adku tej dro\u00adgi jestem Ja-Tw\u00f3rca, kt\u00f3\u00adry chc\u0119 Was zabra\u0107 w podr\u00f3\u017c Gdzie\u015b. Pod\u00adczas pisa\u00adnia takie\u00adgo sce\u00adna\u00adriu\u00adsza nie\u00ads\u0142y\u00adcha\u00adnie \u0142atwo jest stra\u00adci\u0107 z oczu gra\u00adczy. Czy wpra\u00adwia\u00adnie w ruch moje\u00adgo snu jest dla nich inte\u00adre\u00adsu\u00adj\u0105\u00adce? Czy na pew\u00adno napi\u00adsa\u00ad\u0142em dla nich role gra\u00adczy, a nie akto\u00adr\u00f3w? Czy s\u0105 wsp\u00f3\u0142\u00adtw\u00f3r\u00adca\u00admi, czy jedy\u00adnie statystami?<br>\nRoz\u00adwa\u00ad\u017ca\u00adnia pod\u00adsu\u00admo\u00adwa\u00ad\u0142a Kasia. Powie\u00addzia\u00ad\u0142a: \u201eNa lar\u00adpie gra\u00adcze chc\u0105 sen\u00adsu i wp\u0142y\u00adwu\u201d. Nie mo\u017c\u00adna o tym zapo\u00admnie\u0107 ani na chwi\u00adl\u0119 pisz\u0105c gr\u0119, kt\u00f3\u00adra wzi\u0119\u00ad\u0142a si\u0119 z poru\u00adsze\u00adnia strun gdzie\u015b w \u015brod\u00adku&nbsp;nas.<\/p>\n<p>Dru\u00adga \u015bcie\u017c\u00adka to lar\u00adpy rozu\u00admu, gry b\u0119d\u0105\u00adce owo\u00adcem podej\u00ad\u015bcia rze\u00admie\u015bl\u00adni\u00adcze\u00adgo. Larp to two\u00adrzy\u00adwo. Pisz\u0119 lar\u00adpy, bo lubi\u0119 to robi\u0107. To moja pasja, spra\u00adwia mi frajd\u0119.<br>\nPra\u00adca nad nowym lar\u00adpem to eks\u00adpe\u00adry\u00adment. Bio\u00adr\u0119 na warsztat<\/p>\n<ul>\n<li>meto\u00add\u0119;<\/li>\n<li>narz\u0119\u00addzia;<\/li>\n<li>mecha\u00adni\u00adk\u0119;<\/li>\n<li>gad\u017cet;<\/li>\n<li>czas i miejsce;<\/li>\n<li>ogra\u00adni\u00adcze\u00adnia\u2026<\/li>\n<\/ul>\n<p>\u2026 I spraw\u00addzam, czy umiem je ze sob\u0105 po\u0142\u0105\u00adczy\u0107 tak, by dzia\u00ad\u0142a\u00ad\u0142y. Pr\u00f3\u00adbu\u00adj\u0119 nowych rze\u00adczy, pod\u00adpa\u00adtrzo\u00adnych gdzie indziej. Sto\u00adsu\u00adj\u0119 meto\u00addy na opak, w odwrot\u00adnej kolej\u00adno\u00ad\u015bci i patrz\u0119 co mi wyj\u00addzie. Ocze\u00adku\u00adj\u0119 od gra\u00adczy&nbsp;\u017ce:<\/p>\n<ul>\n<li>wybio\u00adr\u0105 spo\u00ad\u015br\u00f3d innych;<\/li>\n<li>b\u0119d\u0105 umie\u00adli si\u0119 tym&nbsp;bawi\u0107;<\/li>\n<li>uzna\u00adj\u0105 za war\u00adto\u00ad\u015bcio\u00adwe i solidne;<\/li>\n<li>wr\u00f3\u00adc\u0105 po wi\u0119cej.<\/li>\n<\/ul>\n<p>Larp jest pro\u00adduk\u00adtem mojej pra\u00adcy. Ta dro\u00adga jest na poz\u00f3r trud\u00adniej\u00adsza, jest rza\u00addziej wybie\u00adra\u00adna. Mo\u017c\u00adna zada\u0107 sobie pyta\u00adnie \u2013 sk\u0105d mam mie\u0107 warsz\u00adtat, sko\u00adro dopie\u00adro zaczy\u00adnam, to ma by\u0107 m\u00f3j pierw\u00adszy sce\u00adna\u00adriusz? Odpo\u00adwied\u017a roz\u00adwie\u00adwa\u00adj\u0105\u00adca te w\u0105t\u00adpli\u00adwo\u00ad\u015bci jest pro\u00adsta. Sko\u00adro chcesz pisa\u0107, zapew\u00adne ju\u017c gra\u0142e\u015b\/a\u015b. Sko\u00adro tak, przed two\u00adimi ocza\u00admi prze\u00adwi\u00adn\u0119\u00ad\u0142y si\u0119 tech\u00adni\u00adki, narz\u0119\u00addzia i gad\u017ce\u00adty. One nie s\u0105 mate\u00adrial\u00adne \u2013 i mo\u017cesz je wzi\u0105\u0107, mo\u017cesz ich&nbsp;u\u017cy\u0107.<\/p>\n<p>Wsp\u00f3l\u00adnie zde\u00adfi\u00adnio\u00adwa\u00adli\u00ad\u015bmy sobie kil\u00adka rad dla pocz\u0105t\u00adku\u00adj\u0105\u00adcych. Potem wypra\u00adwa do skle\u00adpu, obiad, odbi\u00f3r kolej\u00adne\u00adgo uciecz\u00adko\u00adwi\u00adcza i debata:<\/p>\n<p><em>Larp Poland- Sta\u00adte of Design<\/em><\/p>\n<p>Co roku roz\u00adma\u00adwia\u00admy na ten temat. Jesz\u00adcze nigdy nie przy\u00adnu\u00addza\u00adli\u00ad\u015bmy tak, jak dzi\u015b. Lar\u00adpy w Pol\u00adsce maj\u0105 si\u0119 dobrze. Sko\u0144\u00adczy\u00ad\u0142a si\u0119 era rewo\u00adlu\u00adcji, teraz jest ewo\u00adlu\u00adcja. Du\u017ce pro\u00adfe\u00adsjo\u00adnal\u00adnie pro\u00adwa\u00addzo\u00adne pro\u00adjek\u00adty jak <span class=\"caps\">OT<\/span>, <span class=\"caps\">BQ<\/span>, <span class=\"caps\">WS<\/span> czy lar\u00adpy Dzio\u00adba\u00adka umie\u00adj\u0105 coraz lepiej i w pro\u00adduk\u00adcj\u0119, i w mar\u00adke\u00adting. Roz\u00adsze\u00adrza si\u0119 \u015bred\u00adnia p\u00f3\u0142\u00adka. Dalej kiep\u00adsko jest z lar\u00adpa\u00admi kon\u00adwen\u00adto\u00adwy\u00admi, bar\u00addzo cz\u0119\u00adsto powa\u00adla\u00adj\u0105 nisk\u0105 jako\u00ad\u015bci\u0105, wci\u0105\u017c ist\u00adnie\u00adje pro\u00adblem gier pisa\u00adnych dla ni\u017cek. Zde\u00adfi\u00adnio\u00adwa\u00adli\u00ad\u015bmy te\u017c pomniej\u00adsze tren\u00addy,&nbsp;jak:<\/p>\n<ul>\n<li>kostiu\u00admo\u00adwy barok \u2013 nie wypa\u00adda ju\u017c je\u017a\u00addzi\u0107 z jed\u00adnym kostiu\u00admem na wi\u0119k\u00adszy&nbsp;larp;<\/li>\n<li>kar\u00adty posta\u00adci <span class=\"caps\">NOT<\/span> <span class=\"caps\">HOT<\/span> \u2013 komu chce si\u0119 to pisa\u0107 kie\u00addy odpo\u00adwie\u00addzi\u0105 na wszyst\u00adko&nbsp;s\u0105\u2026<\/li>\n<li>\u2026 warsz\u00adta\u00adty! wi\u0119\u00adcej warsz\u00adta\u00adt\u00f3w, kt\u00f3\u00adre s\u0105 ewi\u00addent\u00adnie <span class=\"caps\">HOT<\/span> i zacz\u0119\u00ad\u0142y si\u0119 poja\u00adwia\u0107 nawet na kon\u00adwen\u00adto\u00adwych szkol\u00adno\u00adsa\u00adl\u00f3w\u00adkach (czy\u00adli s\u0105 ju\u017c wsz\u0119dzie).<\/li>\n<\/ul>\n<p>Oso\u00adbi\u00ad\u015bcie nie lubi\u0119 pisa\u0107 kart posta\u00adci, wole wymy\u00ad\u015bli\u0107 nowe meto\u00addy na ich wyge\u00adne\u00adro\u00adwa\u00adnie, cool spo\u00adso\u00adby na stwo\u00adrze\u00adnie ich razem z gra\u00adcza\u00admi. Jestem te\u017c fanem warsz\u00adta\u00adt\u00f3w, \u0142ama\u00adczy lod\u00f3w, \u0107wi\u00adcze\u0144 z odgry\u00adwa\u00adnia emo\u00adcji itd. Ale ludz\u00adko\u015b\u0107 m\u00f3wi, \u017ce ostat\u00adnio jest tego jak\u00adby za du\u017co i jak\u00adby wsz\u0119\u00addzie. Zna\u00adczy si\u0119, aktu\u00adal\u00adnie waha\u00add\u0142o szur\u00adn\u0119\u00ad\u0142o si\u0119 za dale\u00adko. Cie\u00adka\u00adwe, czy dopie\u00adro si\u0119 roz\u00adp\u0119\u00addza, czy zamie\u00adrza nie\u00add\u0142u\u00adgo wr\u00f3\u00adci\u0107 na miejsce.<br>\nTyle obser\u00adwa\u00adcji. Uzna\u00adli\u00ad\u015bmy je za banal\u00adne. Doko\u00adna\u00adli\u00ad\u015bmy refil\u00adlu her\u00adba\u00adty i zacz\u0119\u00ad\u0142a si\u0119 pierw\u00adsza sesja kreatywna:<\/p>\n<p><em>200 words <span class=\"caps\">RPG<\/span> challenge<\/em><\/p>\n<p>Nie\u00admo\u017c\u00adli\u00adwe? To zer\u00adkaj na <a href=\"https:\/\/200wordrpg.github.io\/2017\/rpg\/winner\/2017\/04\/15\/MECHANICALORYX.html\" target=\"_blank\" rel=\"noopener\">nagro\u00addzo\u00adne gry<\/a>, np <em>Mecha\u00adni\u00adcal Oryx<\/em>. Posta\u00adno\u00adwi\u00adli\u00ad\u015bmy sta\u00adwi\u0107 czo\u00ad\u0142a wyzwa\u00adniu. Zapa\u00adli\u00adli\u00ad\u015bmy nastro\u00adjo\u00adwe lamp\u00adki, pu\u015bci\u00ad\u0142em ambien\u00adto\u00adw\u0105 muzy\u00adk\u0119 i zabra\u00adli\u00ad\u015bmy si\u0119 do pra\u00adcy. Dali\u00ad\u015bmy sobie godzi\u00adn\u0119 na pisanie.<br>\nPo pi\u0119t\u00adna\u00adstu minu\u00adtach s\u0142u\u00adcha\u00adnia Soul\u00adso\u00adnic (jed\u00adna z moich ulu\u00adbio\u00adnych grup publi\u00adku\u00adj\u0105\u00adcych swo\u00adje utwo\u00adry na licen\u00adcji <span class=\"caps\">CC0<\/span>, u\u017cy\u00adwam ich utwo\u00adr\u00f3w bar\u00addzo cz\u0119\u00adsto w komer\u00adcyj\u00adnych pro\u00adjek\u00adtach) kto\u015b zapyta\u0142:<br>\n\u2013 Co piszecie?<br>\n\u2013&nbsp;<span class=\"caps\">SF<\/span><br>\n\u2013 Ja&nbsp;te\u017c.<br>\n\u2013 Ja mam takie\u00adgo tro\u00adch\u0119 Hyperiona\u2026<br>\n\u2013 No ja mam nor\u00admal\u00adny sta\u00adtek kosmicz\u00adny i eks\u00adpe\u00addy\u00adcj\u0119 na obc\u0105 planet\u0119.<br>\nOka\u00adza\u00ad\u0142o si\u0119, \u017ce ca\u0142a nasza pi\u0105t\u00adka zain\u00adspi\u00adro\u00adwa\u00adna psy\u00adbien\u00adto\u00adwym plum\u00adka\u00adniem pisze gry&nbsp;<span class=\"caps\">SF<\/span>.<br>\nOma\u00adwia\u00adnie pro\u00adjek\u00adt\u00f3w sko\u0144\u00adczy\u00adli\u00ad\u015bmy po&nbsp;23.<br>\nMo\u017ce b\u0119dzie z tego kolej\u00adny&nbsp;<span class=\"caps\">PRISM<\/span>?<\/p>\n","protected":false},"excerpt":{"rendered":"<p>Sobo\u00adta, 1 wrze\u00ad\u015bnia Kocha\u00adny dzien\u00adni\u00adku! Trzy lata nam zaj\u0119\u00ad\u0142o, zanim po raz pierw\u00adszy wypro\u00adwa\u00addzi\u00adli\u00ad\u015bmy nasz flip\u00adchart na spa\u00adcer pod go\u0142e nie\u00adbo. Dzi\u00adsiej\u00adsze pre\u00adzen\u00adta\u00adcje dnia odby\u00ad\u0142y si\u0119 pod lip\u0105. Wresz\u00adcie by\u0142o aku\u00adrat s\u0142o\u0144\u00adca i chmur. Ma\u0142o wia\u00adtru, wca\u00adle desz\u00adczu. Pierw\u00adsza pre\u00adzen\u00adta\u00adcja: Lar\u00adpo\u00adprzy\u00adja\u00adzne tech\u00adni\u00adki kre\u00adatyw\u00adne Roz\u00adpo\u00adcz\u0119\u00adli\u00ad\u015bmy sze\u00adro\u00adkim \u0142ukiem od roz\u00admo\u00adwy o tym, czym jest sama kre\u00adatyw\u00adno\u015b\u0107.&nbsp;Potem&nbsp;[\u2026]<\/p>\n","protected":false},"author":2,"featured_media":1424,"comment_status":"closed","ping_status":"open","sticky":false,"template":"","format":"standard","meta":{"wp_typography_post_enhancements_disabled":false,"_monsterinsights_skip_tracking":false,"_monsterinsights_sitenote_active":false,"_monsterinsights_sitenote_note":"","_monsterinsights_sitenote_category":0,"footnotes":""},"categories":[10],"tags":[19,164,17,45,165],"class_list":["post-1422","post","type-post","status-publish","format-standard","has-post-thumbnail","hentry","category-news","tag-design","tag-kreatywnosc","tag-larp","tag-larpy","tag-myslenie-lateralne"],"yoast_head":"<!-- This site is optimized with the Yoast SEO plugin v27.2 - https:\/\/yoast.com\/product\/yoast-seo-wordpress\/ -->\n<title>Notatki z ucieczki - sobota - Hardkon - 2018 Larpers&#039; Retreat<\/title>\n<meta name=\"robots\" content=\"index, follow, max-snippet:-1, max-image-preview:large, max-video-preview:-1\" \/>\n<link rel=\"canonical\" href=\"https:\/\/retreat.hardkon.pl\/2018\/notatki-z-ucieczki-sobota\/\" \/>\n<meta property=\"og:locale\" content=\"pl_PL\" \/>\n<meta property=\"og:type\" content=\"article\" \/>\n<meta property=\"og:title\" content=\"Notatki z ucieczki - sobota - Hardkon - 2018 Larpers&#039; Retreat\" \/>\n<meta property=\"og:description\" content=\"Sobo\u00adta, 1 wrze\u015bnia Kocha\u00adny dzienniku! Trzy lata nam zaj\u0119\u00ad\u0142o, zanim po raz pierw\u00adszy wypro\u00adwa\u00addzi\u00adli\u00ad\u015bmy nasz flip\u00adchart na spa\u00adcer pod go\u0142e nie\u00adbo. Dzi\u00adsiej\u00adsze pre\u00adzen\u00adta\u00adcje dnia odby\u00ad\u0142y si\u0119 pod lip\u0105. Wresz\u00adcie by\u0142o aku\u00adrat s\u0142o\u0144\u00adca i chmur. Ma\u0142o wia\u00adtru, wca\u00adle desz\u00adczu. Pierw\u00adsza prezentacja: Lar\u00adpo\u00adprzy\u00adja\u00adzne tech\u00adni\u00adki kreatywne Roz\u00adpo\u00adcz\u0119\u00adli\u00ad\u015bmy sze\u00adro\u00adkim \u0142ukiem od roz\u00admo\u00adwy o tym, czym jest sama kre\u00adatyw\u00adno\u015b\u0107. Potem [&hellip;]\" \/>\n<meta property=\"og:url\" content=\"https:\/\/retreat.hardkon.pl\/2018\/notatki-z-ucieczki-sobota\/\" \/>\n<meta property=\"og:site_name\" content=\"Hardkon - 2018 Larpers&#039; Retreat\" \/>\n<meta property=\"article:published_time\" content=\"2018-09-02T20:00:59+00:00\" \/>\n<meta property=\"og:image\" content=\"https:\/\/i0.wp.com\/retreat.hardkon.pl\/2018\/wp-content\/uploads\/sites\/7\/2018\/09\/nius-002-2018.jpg?fit=1500%2C1151&ssl=1\" \/>\n\t<meta property=\"og:image:width\" content=\"1500\" \/>\n\t<meta property=\"og:image:height\" content=\"1151\" \/>\n\t<meta property=\"og:image:type\" content=\"image\/jpeg\" \/>\n<meta name=\"author\" content=\"Piotr Milewski\" \/>\n<meta name=\"twitter:card\" content=\"summary_large_image\" \/>\n<meta name=\"twitter:label1\" content=\"Napisane przez\" \/>\n\t<meta name=\"twitter:data1\" content=\"Piotr Milewski\" \/>\n\t<meta name=\"twitter:label2\" content=\"Szacowany czas czytania\" \/>\n\t<meta name=\"twitter:data2\" content=\"6 minut\" \/>\n<script type=\"application\/ld+json\" class=\"yoast-schema-graph\">{\"@context\":\"https:\/\/schema.org\",\"@graph\":[{\"@type\":\"Article\",\"@id\":\"https:\/\/retreat.hardkon.pl\/2018\/notatki-z-ucieczki-sobota\/#article\",\"isPartOf\":{\"@id\":\"https:\/\/retreat.hardkon.pl\/2018\/notatki-z-ucieczki-sobota\/\"},\"author\":{\"name\":\"Piotr Milewski\",\"@id\":\"https:\/\/retreat.hardkon.pl\/2018\/#\/schema\/person\/fb601a2c3a7b2e26436b81f350676413\"},\"headline\":\"Notatki z ucieczki \u2013 sobota\",\"datePublished\":\"2018-09-02T20:00:59+00:00\",\"mainEntityOfPage\":{\"@id\":\"https:\/\/retreat.hardkon.pl\/2018\/notatki-z-ucieczki-sobota\/\"},\"wordCount\":1284,\"publisher\":{\"@id\":\"https:\/\/retreat.hardkon.pl\/2018\/#organization\"},\"image\":{\"@id\":\"https:\/\/retreat.hardkon.pl\/2018\/notatki-z-ucieczki-sobota\/#primaryimage\"},\"thumbnailUrl\":\"https:\/\/retreat.hardkon.pl\/2018\/wp-content\/uploads\/sites\/7\/2018\/09\/nius-002-2018.jpg\",\"keywords\":[\"design\",\"kreatywno\u015b\u0107\",\"larp\",\"larpy\",\"my\u015blenie lateralne\"],\"articleSection\":[\"News\"],\"inLanguage\":\"pl-PL\"},{\"@type\":\"WebPage\",\"@id\":\"https:\/\/retreat.hardkon.pl\/2018\/notatki-z-ucieczki-sobota\/\",\"url\":\"https:\/\/retreat.hardkon.pl\/2018\/notatki-z-ucieczki-sobota\/\",\"name\":\"Notatki z ucieczki - sobota - Hardkon - 2018 Larpers&#039; Retreat\",\"isPartOf\":{\"@id\":\"https:\/\/retreat.hardkon.pl\/2018\/#website\"},\"primaryImageOfPage\":{\"@id\":\"https:\/\/retreat.hardkon.pl\/2018\/notatki-z-ucieczki-sobota\/#primaryimage\"},\"image\":{\"@id\":\"https:\/\/retreat.hardkon.pl\/2018\/notatki-z-ucieczki-sobota\/#primaryimage\"},\"thumbnailUrl\":\"https:\/\/retreat.hardkon.pl\/2018\/wp-content\/uploads\/sites\/7\/2018\/09\/nius-002-2018.jpg\",\"datePublished\":\"2018-09-02T20:00:59+00:00\",\"breadcrumb\":{\"@id\":\"https:\/\/retreat.hardkon.pl\/2018\/notatki-z-ucieczki-sobota\/#breadcrumb\"},\"inLanguage\":\"pl-PL\",\"potentialAction\":[{\"@type\":\"ReadAction\",\"target\":[\"https:\/\/retreat.hardkon.pl\/2018\/notatki-z-ucieczki-sobota\/\"]}]},{\"@type\":\"ImageObject\",\"inLanguage\":\"pl-PL\",\"@id\":\"https:\/\/retreat.hardkon.pl\/2018\/notatki-z-ucieczki-sobota\/#primaryimage\",\"url\":\"https:\/\/retreat.hardkon.pl\/2018\/wp-content\/uploads\/sites\/7\/2018\/09\/nius-002-2018.jpg\",\"contentUrl\":\"https:\/\/retreat.hardkon.pl\/2018\/wp-content\/uploads\/sites\/7\/2018\/09\/nius-002-2018.jpg\",\"width\":1500,\"height\":1151},{\"@type\":\"BreadcrumbList\",\"@id\":\"https:\/\/retreat.hardkon.pl\/2018\/notatki-z-ucieczki-sobota\/#breadcrumb\",\"itemListElement\":[{\"@type\":\"ListItem\",\"position\":1,\"name\":\"Strona g\u0142\u00f3wna\",\"item\":\"https:\/\/retreat.hardkon.pl\/2018\/\"},{\"@type\":\"ListItem\",\"position\":2,\"name\":\"Notatki z ucieczki \u2013 sobota\"}]},{\"@type\":\"WebSite\",\"@id\":\"https:\/\/retreat.hardkon.pl\/2018\/#website\",\"url\":\"https:\/\/retreat.hardkon.pl\/2018\/\",\"name\":\"Hardkon - 2018 Larpers&#039; Retreat\",\"description\":\"Hardkon Larpers&#039; Retreat edycja 2018\",\"publisher\":{\"@id\":\"https:\/\/retreat.hardkon.pl\/2018\/#organization\"},\"potentialAction\":[{\"@type\":\"SearchAction\",\"target\":{\"@type\":\"EntryPoint\",\"urlTemplate\":\"https:\/\/retreat.hardkon.pl\/2018\/?s={search_term_string}\"},\"query-input\":{\"@type\":\"PropertyValueSpecification\",\"valueRequired\":true,\"valueName\":\"search_term_string\"}}],\"inLanguage\":\"pl-PL\"},{\"@type\":\"Organization\",\"@id\":\"https:\/\/retreat.hardkon.pl\/2018\/#organization\",\"name\":\"Hardkon - 2018 Larpers&#039; Retreat\",\"url\":\"https:\/\/retreat.hardkon.pl\/2018\/\",\"logo\":{\"@type\":\"ImageObject\",\"inLanguage\":\"pl-PL\",\"@id\":\"https:\/\/retreat.hardkon.pl\/2018\/#\/schema\/logo\/image\/\",\"url\":\"https:\/\/retreat.hardkon.pl\/2018\/wp-content\/uploads\/sites\/7\/2018\/04\/HLG-2018-logo.png\",\"contentUrl\":\"https:\/\/retreat.hardkon.pl\/2018\/wp-content\/uploads\/sites\/7\/2018\/04\/HLG-2018-logo.png\",\"width\":500,\"height\":60,\"caption\":\"Hardkon - 2018 Larpers&#039; Retreat\"},\"image\":{\"@id\":\"https:\/\/retreat.hardkon.pl\/2018\/#\/schema\/logo\/image\/\"}},{\"@type\":\"Person\",\"@id\":\"https:\/\/retreat.hardkon.pl\/2018\/#\/schema\/person\/fb601a2c3a7b2e26436b81f350676413\",\"name\":\"Piotr Milewski\",\"image\":{\"@type\":\"ImageObject\",\"inLanguage\":\"pl-PL\",\"@id\":\"https:\/\/secure.gravatar.com\/avatar\/7579c28254a1e3fb532b305d0ad84619bce4597a5ce0fe0edffd414168a68d0f?s=96&d=mm&r=g\",\"url\":\"https:\/\/secure.gravatar.com\/avatar\/7579c28254a1e3fb532b305d0ad84619bce4597a5ce0fe0edffd414168a68d0f?s=96&d=mm&r=g\",\"contentUrl\":\"https:\/\/secure.gravatar.com\/avatar\/7579c28254a1e3fb532b305d0ad84619bce4597a5ce0fe0edffd414168a68d0f?s=96&d=mm&r=g\",\"caption\":\"Piotr Milewski\"},\"url\":\"https:\/\/retreat.hardkon.pl\/2018\/author\/piotrmilewski\/\"}]}<\/script>\n<!-- \/ Yoast SEO plugin. -->","yoast_head_json":{"title":"Notatki z ucieczki - sobota - Hardkon - 2018 Larpers&#039; Retreat","robots":{"index":"index","follow":"follow","max-snippet":"max-snippet:-1","max-image-preview":"max-image-preview:large","max-video-preview":"max-video-preview:-1"},"canonical":"https:\/\/retreat.hardkon.pl\/2018\/notatki-z-ucieczki-sobota\/","og_locale":"pl_PL","og_type":"article","og_title":"Notatki z ucieczki - sobota - Hardkon - 2018 Larpers&#039; Retreat","og_description":"Sobo\u00adta, 1 wrze\u015bnia Kocha\u00adny dzienniku! Trzy lata nam zaj\u0119\u00ad\u0142o, zanim po raz pierw\u00adszy wypro\u00adwa\u00addzi\u00adli\u00ad\u015bmy nasz flip\u00adchart na spa\u00adcer pod go\u0142e nie\u00adbo. Dzi\u00adsiej\u00adsze pre\u00adzen\u00adta\u00adcje dnia odby\u00ad\u0142y si\u0119 pod lip\u0105. Wresz\u00adcie by\u0142o aku\u00adrat s\u0142o\u0144\u00adca i chmur. Ma\u0142o wia\u00adtru, wca\u00adle desz\u00adczu. Pierw\u00adsza prezentacja: Lar\u00adpo\u00adprzy\u00adja\u00adzne tech\u00adni\u00adki kreatywne Roz\u00adpo\u00adcz\u0119\u00adli\u00ad\u015bmy sze\u00adro\u00adkim \u0142ukiem od roz\u00admo\u00adwy o tym, czym jest sama kre\u00adatyw\u00adno\u015b\u0107. Potem [&hellip;]","og_url":"https:\/\/retreat.hardkon.pl\/2018\/notatki-z-ucieczki-sobota\/","og_site_name":"Hardkon - 2018 Larpers&#039; Retreat","article_published_time":"2018-09-02T20:00:59+00:00","og_image":[{"width":1500,"height":1151,"url":"https:\/\/i0.wp.com\/retreat.hardkon.pl\/2018\/wp-content\/uploads\/sites\/7\/2018\/09\/nius-002-2018.jpg?fit=1500%2C1151&ssl=1","type":"image\/jpeg"}],"author":"Piotr Milewski","twitter_card":"summary_large_image","twitter_misc":{"Napisane przez":"Piotr Milewski","Szacowany czas czytania":"6 minut"},"schema":{"@context":"https:\/\/schema.org","@graph":[{"@type":"Article","@id":"https:\/\/retreat.hardkon.pl\/2018\/notatki-z-ucieczki-sobota\/#article","isPartOf":{"@id":"https:\/\/retreat.hardkon.pl\/2018\/notatki-z-ucieczki-sobota\/"},"author":{"name":"Piotr Milewski","@id":"https:\/\/retreat.hardkon.pl\/2018\/#\/schema\/person\/fb601a2c3a7b2e26436b81f350676413"},"headline":"Notatki z ucieczki \u2013 sobota","datePublished":"2018-09-02T20:00:59+00:00","mainEntityOfPage":{"@id":"https:\/\/retreat.hardkon.pl\/2018\/notatki-z-ucieczki-sobota\/"},"wordCount":1284,"publisher":{"@id":"https:\/\/retreat.hardkon.pl\/2018\/#organization"},"image":{"@id":"https:\/\/retreat.hardkon.pl\/2018\/notatki-z-ucieczki-sobota\/#primaryimage"},"thumbnailUrl":"https:\/\/retreat.hardkon.pl\/2018\/wp-content\/uploads\/sites\/7\/2018\/09\/nius-002-2018.jpg","keywords":["design","kreatywno\u015b\u0107","larp","larpy","my\u015blenie lateralne"],"articleSection":["News"],"inLanguage":"pl-PL"},{"@type":"WebPage","@id":"https:\/\/retreat.hardkon.pl\/2018\/notatki-z-ucieczki-sobota\/","url":"https:\/\/retreat.hardkon.pl\/2018\/notatki-z-ucieczki-sobota\/","name":"Notatki z ucieczki - sobota - Hardkon - 2018 Larpers&#039; Retreat","isPartOf":{"@id":"https:\/\/retreat.hardkon.pl\/2018\/#website"},"primaryImageOfPage":{"@id":"https:\/\/retreat.hardkon.pl\/2018\/notatki-z-ucieczki-sobota\/#primaryimage"},"image":{"@id":"https:\/\/retreat.hardkon.pl\/2018\/notatki-z-ucieczki-sobota\/#primaryimage"},"thumbnailUrl":"https:\/\/retreat.hardkon.pl\/2018\/wp-content\/uploads\/sites\/7\/2018\/09\/nius-002-2018.jpg","datePublished":"2018-09-02T20:00:59+00:00","breadcrumb":{"@id":"https:\/\/retreat.hardkon.pl\/2018\/notatki-z-ucieczki-sobota\/#breadcrumb"},"inLanguage":"pl-PL","potentialAction":[{"@type":"ReadAction","target":["https:\/\/retreat.hardkon.pl\/2018\/notatki-z-ucieczki-sobota\/"]}]},{"@type":"ImageObject","inLanguage":"pl-PL","@id":"https:\/\/retreat.hardkon.pl\/2018\/notatki-z-ucieczki-sobota\/#primaryimage","url":"https:\/\/retreat.hardkon.pl\/2018\/wp-content\/uploads\/sites\/7\/2018\/09\/nius-002-2018.jpg","contentUrl":"https:\/\/retreat.hardkon.pl\/2018\/wp-content\/uploads\/sites\/7\/2018\/09\/nius-002-2018.jpg","width":1500,"height":1151},{"@type":"BreadcrumbList","@id":"https:\/\/retreat.hardkon.pl\/2018\/notatki-z-ucieczki-sobota\/#breadcrumb","itemListElement":[{"@type":"ListItem","position":1,"name":"Strona g\u0142\u00f3wna","item":"https:\/\/retreat.hardkon.pl\/2018\/"},{"@type":"ListItem","position":2,"name":"Notatki z ucieczki \u2013 sobota"}]},{"@type":"WebSite","@id":"https:\/\/retreat.hardkon.pl\/2018\/#website","url":"https:\/\/retreat.hardkon.pl\/2018\/","name":"Hardkon - 2018 Larpers&#039; Retreat","description":"Hardkon Larpers&#039; Retreat edycja 2018","publisher":{"@id":"https:\/\/retreat.hardkon.pl\/2018\/#organization"},"potentialAction":[{"@type":"SearchAction","target":{"@type":"EntryPoint","urlTemplate":"https:\/\/retreat.hardkon.pl\/2018\/?s={search_term_string}"},"query-input":{"@type":"PropertyValueSpecification","valueRequired":true,"valueName":"search_term_string"}}],"inLanguage":"pl-PL"},{"@type":"Organization","@id":"https:\/\/retreat.hardkon.pl\/2018\/#organization","name":"Hardkon - 2018 Larpers&#039; Retreat","url":"https:\/\/retreat.hardkon.pl\/2018\/","logo":{"@type":"ImageObject","inLanguage":"pl-PL","@id":"https:\/\/retreat.hardkon.pl\/2018\/#\/schema\/logo\/image\/","url":"https:\/\/retreat.hardkon.pl\/2018\/wp-content\/uploads\/sites\/7\/2018\/04\/HLG-2018-logo.png","contentUrl":"https:\/\/retreat.hardkon.pl\/2018\/wp-content\/uploads\/sites\/7\/2018\/04\/HLG-2018-logo.png","width":500,"height":60,"caption":"Hardkon - 2018 Larpers&#039; Retreat"},"image":{"@id":"https:\/\/retreat.hardkon.pl\/2018\/#\/schema\/logo\/image\/"}},{"@type":"Person","@id":"https:\/\/retreat.hardkon.pl\/2018\/#\/schema\/person\/fb601a2c3a7b2e26436b81f350676413","name":"Piotr Milewski","image":{"@type":"ImageObject","inLanguage":"pl-PL","@id":"https:\/\/secure.gravatar.com\/avatar\/7579c28254a1e3fb532b305d0ad84619bce4597a5ce0fe0edffd414168a68d0f?s=96&d=mm&r=g","url":"https:\/\/secure.gravatar.com\/avatar\/7579c28254a1e3fb532b305d0ad84619bce4597a5ce0fe0edffd414168a68d0f?s=96&d=mm&r=g","contentUrl":"https:\/\/secure.gravatar.com\/avatar\/7579c28254a1e3fb532b305d0ad84619bce4597a5ce0fe0edffd414168a68d0f?s=96&d=mm&r=g","caption":"Piotr Milewski"},"url":"https:\/\/retreat.hardkon.pl\/2018\/author\/piotrmilewski\/"}]}},"_links":{"self":[{"href":"https:\/\/retreat.hardkon.pl\/2018\/wp-json\/wp\/v2\/posts\/1422","targetHints":{"allow":["GET"]}}],"collection":[{"href":"https:\/\/retreat.hardkon.pl\/2018\/wp-json\/wp\/v2\/posts"}],"about":[{"href":"https:\/\/retreat.hardkon.pl\/2018\/wp-json\/wp\/v2\/types\/post"}],"author":[{"embeddable":true,"href":"https:\/\/retreat.hardkon.pl\/2018\/wp-json\/wp\/v2\/users\/2"}],"replies":[{"embeddable":true,"href":"https:\/\/retreat.hardkon.pl\/2018\/wp-json\/wp\/v2\/comments?post=1422"}],"version-history":[{"count":0,"href":"https:\/\/retreat.hardkon.pl\/2018\/wp-json\/wp\/v2\/posts\/1422\/revisions"}],"wp:featuredmedia":[{"embeddable":true,"href":"https:\/\/retreat.hardkon.pl\/2018\/wp-json\/wp\/v2\/media\/1424"}],"wp:attachment":[{"href":"https:\/\/retreat.hardkon.pl\/2018\/wp-json\/wp\/v2\/media?parent=1422"}],"wp:term":[{"taxonomy":"category","embeddable":true,"href":"https:\/\/retreat.hardkon.pl\/2018\/wp-json\/wp\/v2\/categories?post=1422"},{"taxonomy":"post_tag","embeddable":true,"href":"https:\/\/retreat.hardkon.pl\/2018\/wp-json\/wp\/v2\/tags?post=1422"}],"curies":[{"name":"wp","href":"https:\/\/api.w.org\/{rel}","templated":true}]}}