{"id":1432,"date":"2018-09-04T16:03:39","date_gmt":"2018-09-04T14:03:39","guid":{"rendered":"http:\/\/retreat.hardkon.pl\/2018\/?p=1432"},"modified":"2018-09-04T16:03:39","modified_gmt":"2018-09-04T14:03:39","slug":"notatki-z-ucieczki-poniedzialek","status":"publish","type":"post","link":"https:\/\/retreat.hardkon.pl\/2018\/notatki-z-ucieczki-poniedzialek\/","title":{"rendered":"Notatki z ucieczki \u2013 poniedzia\u0142ek"},"content":{"rendered":"<p><span style=\"font-weight: 400\">Nie\u00addzie\u00adla, 2 wrze\u00ad\u015bnia \u2013 kolo\u00adr\u00f3w 5 i kola\u00adcja za tysiaka<\/span><\/p>\n<p><span style=\"font-weight: 400\">Kocha\u00adny dzienniku!<\/span><\/p>\n<p><span style=\"font-weight: 400\">Coraz cie\u00adplej i coraz wi\u0119\u00adcej zacz\u0119\u00adtych pro\u00adjek\u00adt\u00f3w. Dzi\u015b zmia\u00adna har\u00admo\u00adno\u00adgra\u00admu. Z racji zmia\u00adny tur\u00adnu\u00adsu i odp\u0142y\u00adwu dw\u00f3j\u00adki uciecz\u00adko\u00adwi\u00adcz\u00f3w, kt\u00f3\u00adrych popo\u00ad\u0142u\u00addniem zast\u0105\u00adpi\u00ad\u0142o tro\u00adje nowych, poran\u00adne pre\u00adzen\u00adta\u00adcje prze\u00adrzu\u00adci\u00adli\u00ad\u015bmy na popo\u00ad\u0142u\u00addnie. Wresz\u00adcie zro\u00adbi\u00ad\u0142o si\u0119 tro\u00adch\u0119 lu\u017a\u00adniej i waj\u00adcha w g\u0142o\u00adwie ruszy\u00ad\u0142a si\u0119 z try\u00adbu \u201cpra\u00adca, pra\u00adca,&nbsp;praca\u201d.&nbsp;<\/span><\/p>\n<p><span style=\"font-weight: 400\">Tym razem zacz\u0119\u00adli\u00ad\u015bmy od dys\u00adku\u00adsji&nbsp;pt.<\/span><\/p>\n<p><i><span style=\"font-weight: 400\">Guys 2&nbsp;read<\/span><\/i><\/p>\n<p><span style=\"font-weight: 400\">Tym razem po raz pierw\u00adszy popro\u00adwa\u00addzi\u00adli\u00ad\u015bmy punkt pro\u00adgra\u00admu nad jezio\u00adrem. W g\u0142o\u00adwie mia\u00ad\u0142em kon\u00adkret\u00adn\u0105 wizj\u0119 tej roz\u00admo\u00adwy. Wyobra\u00ad\u017ca\u00ad\u0142em sobie, \u017ce b\u0119dzie\u00admy prze\u00adrzu\u00adca\u00adli si\u0119 nazwi\u00adska\u00admi auto\u00adr\u00f3w i tytu\u00ad\u0142a\u00admi ksi\u0105\u00ad\u017cek z r\u00f3\u017c\u00adnych dzie\u00addzin jak filo\u00adzo\u00adfia, histo\u00adria, socjo\u00adlo\u00adgia. Tym\u00adcza\u00adsem nie wiem w kt\u00f3\u00adrym momen\u00adcie roz\u00admo\u00adwa zdry\u00adfo\u00adwa\u00ad\u0142a nam w zupe\u0142\u00adnie innym kie\u00adrun\u00adku. Od pod\u00adr\u0119cz\u00adni\u00adk\u00f3w szyb\u00adko prze\u00adszli\u00ad\u015bmy do bele\u00adtry\u00adsty\u00adki. Tema\u00adtem g\u0142\u00f3w\u00adnym sta\u00adli si\u0119 fascy\u00adnu\u00adj\u0105\u00adcy boha\u00adte\u00adro\u00adwie. Co czy\u00adni ich wyj\u0105t\u00adko\u00adwy\u00admi? Jakie cechy cha\u00adrak\u00adte\u00adru? Wady, s\u0142a\u00adbo\u00ad\u015bci? Nasze roz\u00adwa\u00ad\u017ca\u00adnia dopro\u00adwa\u00addzi\u00ad\u0142y nas do narz\u0119\u00addzia lite\u00adrac\u00adkie\u00adgo, kt\u00f3\u00adre my lar\u00adpow\u00adcy u\u017cy\u00adwa\u00admy nie\u00adzwy\u00adkle rzad\u00adko, a mia\u00adno\u00adwi\u00adcie kodek\u00adsu boha\u00adte\u00adra. Taki kodeks to zestaw zasad, kt\u00f3\u00adry\u00admi posta\u0107 kie\u00adru\u00adje si\u0119 zawsze i wsz\u0119\u00addzie. To w\u0142a\u00ad\u015bnie ta nie\u00adust\u0119\u00adpli\u00adwo\u015b\u0107 jest jej si\u0142\u0105 i naj\u00adwi\u0119k\u00adsz\u0105 s\u0142a\u00adbo\u00ad\u015bci\u0105. To przez trzy\u00adma\u00adnie si\u0119 kodek\u00adsu boha\u00adte\u00adro\u00adwie wpa\u00adda\u00adj\u0105 w tara\u00adpa\u00adty i prze\u00ad\u017cy\u00adwa\u00adj\u0105 nie\u00adzwy\u00adk\u0142e przy\u00adgo\u00addy. Deba\u00adte zako\u0144\u00adczy\u00adli\u00ad\u015bmy kr\u00f3t\u00adkim \u0107wi\u00adcze\u00adniem \u2013 ka\u017c\u00addy z nas mia\u0142 wymie\u00adni\u0107 2 posta\u00adcie lite\u00adrac\u00adkie, z kt\u00f3\u00adry\u00admi chcia\u0142\u00adby zje\u015b\u0107 kola\u00adcj\u0119 (bud\u017cet to 1000z\u0142, \u017ceby by\u0142o mi\u0142o). Kr\u00f3t\u00adko uza\u00adsad\u00adni\u00adli\u00ad\u015bmy nasze wybo\u00adry i nie\u00adco zg\u0142od\u00adnia\u00adli wr\u00f3\u00adci\u00adli\u00ad\u015bmy na Alask\u0119.<\/span><\/p>\n<p><em><span style=\"font-weight: 400\">Pre\u00adzen\u00adta\u00adcja: bia\u0142y\/zielony\/czerwony\/czarny\/niebieski<\/span><\/em><\/p>\n<p><span style=\"font-weight: 400\">O tej pre\u00adzen\u00adta\u00adcji m\u00f3g\u0142\u00adbym napi\u00adsa\u0107 albo bar\u00addzo du\u017co, albo bar\u00addzo ma\u0142o. Z racji tego, \u017ce w sto\u00adsun\u00adku do poprzed\u00adnich lat moje not\u00adki sta\u00adle si\u0119 roz\u00adra\u00adsta\u00adj\u0105, dzi\u015b wybie\u00adram te dru\u00adga opcj\u0119 (jesz\u00adcze b\u0119d\u0119 mia\u0142 o czym pisa\u0107 w tym tygodniu).<\/span><\/p>\n<p><span style=\"font-weight: 400\">Jaki\u015b czas temu Mal\u00adwi\u00adna pode\u00ads\u0142a\u00ad\u0142a mi <a href=\"https:\/\/medium.com\/s\/story\/the-mtg-color-wheel-c9700a7cf36d\" target=\"_blank\" rel=\"noopener\"><span class=\"caps\">TEN<\/span> <span class=\"caps\">ARTYKU\u0141<\/span><\/a> i zapy\u00adta\u00ad\u0142a \u2013 czy to ma sens? Dla tych, kt\u00f3\u00adrym nie chce si\u0119 go czy\u00adta\u0107: autor opi\u00adsu\u00adje jak wygl\u0105\u00adda sys\u00adtem i wza\u00adjem\u00adne zale\u017c\u00adno\u00ad\u015bci pomi\u0119\u00addzy filo\u00adzo\u00adfia\u00admi pi\u0119\u00adciu kolo\u00adr\u00f3w magii, u\u017cy\u00adwa\u00adnych w kolek\u00adcjo\u00adner\u00adskiej grze kar\u00adcia\u00adnej <a href=\"https:\/\/magic.wizards.com\/en\" target=\"_blank\" rel=\"noopener\"><em>Magic the Gathe\u00adring<\/em><\/a>. W dru\u00adgiej cz\u0119\u00ad\u015bci tek\u00adstu opi\u00adsu\u00adje, do cze\u00adgo ich u\u017cy\u00adwa, a mia\u00adno\u00adwi\u00adcie \u2013 do zro\u00adzu\u00admie\u00adnia moty\u00adwa\u00adcji i spo\u00adso\u00adb\u00f3w dzia\u00ad\u0142a\u00adnia ludzi i posta\u00adci lite\u00adrac\u00adkich, kt\u00f3\u00adre pisze. W skr\u00f3\u00adcie. Naj\u00adpierw zasta\u00adna\u00adwia si\u0119, kar\u00adta\u00admi w jakich kolo\u00adrach byli\u00adby jego zna\u00adjo\u00admi, gdy\u00adby \u017cyli w uni\u00adwer\u00adsum gry MtG. Albo \u2013 jaki\u00admi kar\u00adta\u00admi s\u0105 two\u00adrze\u00adni przez nie\u00adgo boha\u00adte\u00adro\u00adwie. Gdy usi\u00ad\u0142u\u00adje zro\u00adzu\u00admie\u0107 swo\u00adich bli\u00adskich (albo kto napo\u00adty\u00adka lite\u00adrac\u00adki blok i nie wie co posta\u0107 ma zro\u00adbi\u0107 dalej) si\u0119\u00adga do filo\u00adzo\u00adfii odpo\u00adwied\u00adnich kolo\u00adr\u00f3w i tam szu\u00adka rozwi\u0105zania.<br>\n<\/span><span style=\"font-weight: 400\">Moim zda\u00adniem \u2013 to jed\u00adna z lep\u00adszych metod do zbu\u00addo\u00adwa\u00adnia kodek\u00adsu boha\u00adte\u00adra. Zach\u0119\u00adcam do lek\u00adtu\u00adry ca\u0142e\u00adgo tek\u00adstu i samo\u00addziel\u00adnych roz\u00adk\u00admin w tym temacie&nbsp;\ud83d\ude42<\/span><\/p>\n<p><span style=\"font-weight: 400\">Kie\u00addy sko\u0144\u00adczy\u00adli\u00ad\u015bmy roz\u00admo\u00adwy o magi\u00adcu zro\u00adbi\u00ad\u0142o si\u0119 p\u00f3\u017a\u00adno, wi\u0119c dru\u00adg\u0105 pre\u00adzen\u00adta\u00adcj\u0119 prze\u00adrzu\u00adci\u00adli\u00ad\u015bmy na dzie\u0144 nast\u0119p\u00adny. Zro\u00adbi\u00adli\u00ad\u015bmy kr\u00f3t\u00adk\u0105 prze\u00adrw\u0119 na kola\u00adcj\u0119 i o dzie\u00adwi\u0105\u00adtej weszli\u00ad\u015bmy do naszej pra\u00adcow\u00adni, by odpali\u0107:<\/span><\/p>\n<p><em><span style=\"font-weight: 400\">Rain\u00adbow Challenge<\/span><\/em><\/p>\n<p><span style=\"font-weight: 400\">Wyzwa\u00adnie by\u0142o pro\u00adste. Ka\u017c\u00addy z nas loso\u00adwa\u0142 kolor, a nast\u0119p\u00adnie mia\u0142 napi\u00adsa\u0107 larp inspi\u00adro\u00adwa\u00adny t\u0105 bar\u00adw\u0105. Chcia\u0142\u00adbym, \u017ceby te gry powsta\u00ad\u0142y! Uwiel\u00adbiam ten moment, kie\u00addy po godzi\u00adnie pra\u00adcy robi\u00admy prze\u00adrw\u0119 by da\u0107 sobie feed\u00adback i ka\u017c\u00addy zdra\u00addza o czym pisze. Jak na razie naj\u00adbli\u00ad\u017cej uko\u0144\u00adcze\u00adnia swo\u00adje\u00adgo sce\u00adna\u00adriu\u00adsza jest Kuba ze swo\u00adj\u0105 bia\u00ad\u0142\u0105 gr\u0105 o anio\u00ad\u0142ach str\u00f3\u00ad\u017cach zwie\u00adrza\u00adj\u0105\u00adcych si\u0119 sobie z ci\u0119\u017c\u00adkie\u00adgo dnia w pra\u00adcy. W&nbsp;barze.<\/span><\/p>\n<p><span style=\"font-weight: 400\">Opr\u00f3cz tego na warsz\u00adta\u00adcie&nbsp;s\u0105:<\/span><\/p>\n<ul>\n<li><span style=\"font-weight: 400\">czer\u00adwo\u00adna gra Mar\u00adty o gnie\u00adwie i rodzin\u00adnej kola\u00adcji przy zupie pomidorowej<\/span><\/li>\n<li><span style=\"font-weight: 400\">fio\u00adle\u00adto\u00adwa gra Doro\u00adty o ludziach, kt\u00f3\u00adrzy widz\u0105 nie\u00adzwy\u00adkle ostro, a wi\u0119c tyl\u00adko czer\u00adwo\u00adny i nie\u00adbie\u00adski kolor, a widze\u00adnie fio\u00adle\u00adtu osi\u0105\u00adga\u00adj\u0105 jedy\u00adnie wspo\u00adma\u00adga\u00adj\u0105c si\u0119 nie\u00adle\u00adgal\u00adny\u00admi \u015brod\u00adka\u00admi \u201cpsu\u00adj\u0105\u00adcy\u00admi ostro\u015b\u0107 widzenia\u201d;<\/span><\/li>\n<li><span style=\"font-weight: 400\">czar\u00adna gra Klau\u00addii o upio\u00adrach kry\u00adj\u0105\u00adcych si\u0119 w ciem\u00adno\u00ad\u015bci, kt\u00f3\u00adre wal\u00adcz\u0105 mi\u0119\u00addzy sob\u0105 o w\u0142a\u00addz\u0119 i s\u0105 zmu\u00adszo\u00adne wsp\u00f3\u0142\u00adpra\u00adco\u00adwa\u0107, by nie nad\u00adszed\u0142&nbsp;\u015bwit<\/span><\/li>\n<li><span style=\"font-weight: 400\">r\u00f3\u017co\u00adwa gra Sza\u00adma\u00adna o gru\u00adpie zna\u00adjo\u00admych, w kt\u00f3\u00adrej bez\u00adu\u00adstan\u00adnie zmie\u00adnia\u00adj\u0105 si\u0119 roman\u00adtycz\u00adne i sek\u00adsu\u00adal\u00adne relacje<\/span><\/li>\n<li><span style=\"font-weight: 400\">moja nie\u00adbie\u00adska gra o Atlan\u00adty\u00addzie, Egip\u00adcie i Atlan\u00adtach zakl\u0119\u00adtych w cyklu podr\u00f3\u00ad\u017cy, budo\u00adwy, upad\u00adku i zapomnienia.<\/span><\/li>\n<\/ul>\n<p><span style=\"font-weight: 400\">Marzy mi si\u0119, aby te wszyst\u00adkie gry zosta\u00ad\u0142y sko\u0144\u00adczo\u00adne i \u017ceby\u00ad\u015bmy mogli je zagra\u0107. I kie\u00addy\u015b opublikowa\u0107&nbsp;\ud83d\ude42<\/span><\/p>\n","protected":false},"excerpt":{"rendered":"<p>Nie\u00addzie\u00adla, 2 wrze\u00ad\u015bnia \u2013 kolo\u00adr\u00f3w 5 i kola\u00adcja za tysia\u00adka Kocha\u00adny dzien\u00adni\u00adku! Coraz cie\u00adplej i coraz wi\u0119\u00adcej zacz\u0119\u00adtych pro\u00adjek\u00adt\u00f3w. Dzi\u015b zmia\u00adna har\u00admo\u00adno\u00adgra\u00admu. Z racji zmia\u00adny tur\u00adnu\u00adsu i odp\u0142y\u00adwu dw\u00f3j\u00adki uciecz\u00adko\u00adwi\u00adcz\u00f3w, kt\u00f3\u00adrych popo\u00ad\u0142u\u00addniem zast\u0105\u00adpi\u00ad\u0142o tro\u00adje nowych, poran\u00adne pre\u00adzen\u00adta\u00adcje prze\u00adrzu\u00adci\u00adli\u00ad\u015bmy na popo\u00ad\u0142u\u00addnie. Wresz\u00adcie zro\u00adbi\u00ad\u0142o si\u0119 tro\u00adch\u0119 lu\u017a\u00adniej i waj\u00adcha w g\u0142o\u00adwie ruszy\u00ad\u0142a si\u0119 z try\u00adbu \u201cpra\u00adca, pra\u00adca,&nbsp;praca\u201d.&nbsp;[\u2026]<\/p>\n","protected":false},"author":2,"featured_media":1433,"comment_status":"closed","ping_status":"open","sticky":false,"template":"","format":"standard","meta":{"wp_typography_post_enhancements_disabled":false,"_monsterinsights_skip_tracking":false,"_monsterinsights_sitenote_active":false,"_monsterinsights_sitenote_note":"","_monsterinsights_sitenote_category":0,"footnotes":""},"categories":[10],"tags":[19,166,17,45,167],"class_list":["post-1432","post","type-post","status-publish","format-standard","has-post-thumbnail","hentry","category-news","tag-design","tag-kodeks-bohatera","tag-larp","tag-larpy","tag-mtg"],"yoast_head":"<!-- This site is optimized with the Yoast SEO plugin v27.2 - https:\/\/yoast.com\/product\/yoast-seo-wordpress\/ -->\n<title>Notatki z ucieczki - poniedzia\u0142ek - Hardkon - 2018 Larpers&#039; Retreat<\/title>\n<meta name=\"robots\" content=\"index, follow, max-snippet:-1, max-image-preview:large, max-video-preview:-1\" \/>\n<link rel=\"canonical\" href=\"https:\/\/retreat.hardkon.pl\/2018\/notatki-z-ucieczki-poniedzialek\/\" \/>\n<meta property=\"og:locale\" content=\"pl_PL\" \/>\n<meta property=\"og:type\" content=\"article\" \/>\n<meta property=\"og:title\" content=\"Notatki z ucieczki - poniedzia\u0142ek - Hardkon - 2018 Larpers&#039; Retreat\" \/>\n<meta property=\"og:description\" content=\"Nie\u00addzie\u00adla, 2 wrze\u00ad\u015bnia \u2013 kolo\u00adr\u00f3w 5 i kola\u00adcja za tysiaka Kocha\u00adny dzienniku! Coraz cie\u00adplej i coraz wi\u0119\u00adcej zacz\u0119\u00adtych pro\u00adjek\u00adt\u00f3w. Dzi\u015b zmia\u00adna har\u00admo\u00adno\u00adgra\u00admu. Z racji zmia\u00adny tur\u00adnu\u00adsu i odp\u0142y\u00adwu dw\u00f3j\u00adki uciecz\u00adko\u00adwi\u00adcz\u00f3w, kt\u00f3\u00adrych popo\u00ad\u0142u\u00addniem zast\u0105\u00adpi\u00ad\u0142o tro\u00adje nowych, poran\u00adne pre\u00adzen\u00adta\u00adcje prze\u00adrzu\u00adci\u00adli\u00ad\u015bmy na popo\u00ad\u0142u\u00addnie. Wresz\u00adcie zro\u00adbi\u00ad\u0142o si\u0119 tro\u00adch\u0119 lu\u017a\u00adniej i waj\u00adcha w g\u0142o\u00adwie ruszy\u00ad\u0142a si\u0119 z try\u00adbu \u201cpra\u00adca, pra\u00adca,&nbsp;praca\u201d.&nbsp; [&hellip;]\" \/>\n<meta property=\"og:url\" content=\"https:\/\/retreat.hardkon.pl\/2018\/notatki-z-ucieczki-poniedzialek\/\" \/>\n<meta property=\"og:site_name\" content=\"Hardkon - 2018 Larpers&#039; Retreat\" \/>\n<meta property=\"article:published_time\" content=\"2018-09-04T14:03:39+00:00\" \/>\n<meta property=\"og:image\" content=\"https:\/\/i0.wp.com\/retreat.hardkon.pl\/2018\/wp-content\/uploads\/sites\/7\/2018\/09\/hlr18-nius-poniedzia\u0142ek-04.jpg?fit=1500%2C1125&ssl=1\" \/>\n\t<meta property=\"og:image:width\" content=\"1500\" \/>\n\t<meta property=\"og:image:height\" content=\"1125\" \/>\n\t<meta property=\"og:image:type\" content=\"image\/jpeg\" \/>\n<meta name=\"author\" content=\"Piotr Milewski\" \/>\n<meta name=\"twitter:card\" content=\"summary_large_image\" \/>\n<meta name=\"twitter:label1\" content=\"Napisane przez\" \/>\n\t<meta name=\"twitter:data1\" content=\"Piotr Milewski\" \/>\n\t<meta name=\"twitter:label2\" content=\"Szacowany czas czytania\" \/>\n\t<meta name=\"twitter:data2\" content=\"4 minuty\" \/>\n<script type=\"application\/ld+json\" class=\"yoast-schema-graph\">{\"@context\":\"https:\/\/schema.org\",\"@graph\":[{\"@type\":\"Article\",\"@id\":\"https:\/\/retreat.hardkon.pl\/2018\/notatki-z-ucieczki-poniedzialek\/#article\",\"isPartOf\":{\"@id\":\"https:\/\/retreat.hardkon.pl\/2018\/notatki-z-ucieczki-poniedzialek\/\"},\"author\":{\"name\":\"Piotr Milewski\",\"@id\":\"https:\/\/retreat.hardkon.pl\/2018\/#\/schema\/person\/fb601a2c3a7b2e26436b81f350676413\"},\"headline\":\"Notatki z ucieczki \u2013 poniedzia\u0142ek\",\"datePublished\":\"2018-09-04T14:03:39+00:00\",\"mainEntityOfPage\":{\"@id\":\"https:\/\/retreat.hardkon.pl\/2018\/notatki-z-ucieczki-poniedzialek\/\"},\"wordCount\":764,\"publisher\":{\"@id\":\"https:\/\/retreat.hardkon.pl\/2018\/#organization\"},\"image\":{\"@id\":\"https:\/\/retreat.hardkon.pl\/2018\/notatki-z-ucieczki-poniedzialek\/#primaryimage\"},\"thumbnailUrl\":\"https:\/\/retreat.hardkon.pl\/2018\/wp-content\/uploads\/sites\/7\/2018\/09\/hlr18-nius-poniedzia\u0142ek-04.jpg\",\"keywords\":[\"design\",\"kodeks bohatera\",\"larp\",\"larpy\",\"MtG\"],\"articleSection\":[\"News\"],\"inLanguage\":\"pl-PL\"},{\"@type\":\"WebPage\",\"@id\":\"https:\/\/retreat.hardkon.pl\/2018\/notatki-z-ucieczki-poniedzialek\/\",\"url\":\"https:\/\/retreat.hardkon.pl\/2018\/notatki-z-ucieczki-poniedzialek\/\",\"name\":\"Notatki z ucieczki - poniedzia\u0142ek - Hardkon - 2018 Larpers&#039; Retreat\",\"isPartOf\":{\"@id\":\"https:\/\/retreat.hardkon.pl\/2018\/#website\"},\"primaryImageOfPage\":{\"@id\":\"https:\/\/retreat.hardkon.pl\/2018\/notatki-z-ucieczki-poniedzialek\/#primaryimage\"},\"image\":{\"@id\":\"https:\/\/retreat.hardkon.pl\/2018\/notatki-z-ucieczki-poniedzialek\/#primaryimage\"},\"thumbnailUrl\":\"https:\/\/retreat.hardkon.pl\/2018\/wp-content\/uploads\/sites\/7\/2018\/09\/hlr18-nius-poniedzia\u0142ek-04.jpg\",\"datePublished\":\"2018-09-04T14:03:39+00:00\",\"breadcrumb\":{\"@id\":\"https:\/\/retreat.hardkon.pl\/2018\/notatki-z-ucieczki-poniedzialek\/#breadcrumb\"},\"inLanguage\":\"pl-PL\",\"potentialAction\":[{\"@type\":\"ReadAction\",\"target\":[\"https:\/\/retreat.hardkon.pl\/2018\/notatki-z-ucieczki-poniedzialek\/\"]}]},{\"@type\":\"ImageObject\",\"inLanguage\":\"pl-PL\",\"@id\":\"https:\/\/retreat.hardkon.pl\/2018\/notatki-z-ucieczki-poniedzialek\/#primaryimage\",\"url\":\"https:\/\/retreat.hardkon.pl\/2018\/wp-content\/uploads\/sites\/7\/2018\/09\/hlr18-nius-poniedzia\u0142ek-04.jpg\",\"contentUrl\":\"https:\/\/retreat.hardkon.pl\/2018\/wp-content\/uploads\/sites\/7\/2018\/09\/hlr18-nius-poniedzia\u0142ek-04.jpg\",\"width\":1500,\"height\":1125},{\"@type\":\"BreadcrumbList\",\"@id\":\"https:\/\/retreat.hardkon.pl\/2018\/notatki-z-ucieczki-poniedzialek\/#breadcrumb\",\"itemListElement\":[{\"@type\":\"ListItem\",\"position\":1,\"name\":\"Strona g\u0142\u00f3wna\",\"item\":\"https:\/\/retreat.hardkon.pl\/2018\/\"},{\"@type\":\"ListItem\",\"position\":2,\"name\":\"Notatki z ucieczki \u2013 poniedzia\u0142ek\"}]},{\"@type\":\"WebSite\",\"@id\":\"https:\/\/retreat.hardkon.pl\/2018\/#website\",\"url\":\"https:\/\/retreat.hardkon.pl\/2018\/\",\"name\":\"Hardkon - 2018 Larpers&#039; Retreat\",\"description\":\"Hardkon Larpers&#039; Retreat edycja 2018\",\"publisher\":{\"@id\":\"https:\/\/retreat.hardkon.pl\/2018\/#organization\"},\"potentialAction\":[{\"@type\":\"SearchAction\",\"target\":{\"@type\":\"EntryPoint\",\"urlTemplate\":\"https:\/\/retreat.hardkon.pl\/2018\/?s={search_term_string}\"},\"query-input\":{\"@type\":\"PropertyValueSpecification\",\"valueRequired\":true,\"valueName\":\"search_term_string\"}}],\"inLanguage\":\"pl-PL\"},{\"@type\":\"Organization\",\"@id\":\"https:\/\/retreat.hardkon.pl\/2018\/#organization\",\"name\":\"Hardkon - 2018 Larpers&#039; Retreat\",\"url\":\"https:\/\/retreat.hardkon.pl\/2018\/\",\"logo\":{\"@type\":\"ImageObject\",\"inLanguage\":\"pl-PL\",\"@id\":\"https:\/\/retreat.hardkon.pl\/2018\/#\/schema\/logo\/image\/\",\"url\":\"https:\/\/retreat.hardkon.pl\/2018\/wp-content\/uploads\/sites\/7\/2018\/04\/HLG-2018-logo.png\",\"contentUrl\":\"https:\/\/retreat.hardkon.pl\/2018\/wp-content\/uploads\/sites\/7\/2018\/04\/HLG-2018-logo.png\",\"width\":500,\"height\":60,\"caption\":\"Hardkon - 2018 Larpers&#039; Retreat\"},\"image\":{\"@id\":\"https:\/\/retreat.hardkon.pl\/2018\/#\/schema\/logo\/image\/\"}},{\"@type\":\"Person\",\"@id\":\"https:\/\/retreat.hardkon.pl\/2018\/#\/schema\/person\/fb601a2c3a7b2e26436b81f350676413\",\"name\":\"Piotr Milewski\",\"image\":{\"@type\":\"ImageObject\",\"inLanguage\":\"pl-PL\",\"@id\":\"https:\/\/secure.gravatar.com\/avatar\/7579c28254a1e3fb532b305d0ad84619bce4597a5ce0fe0edffd414168a68d0f?s=96&d=mm&r=g\",\"url\":\"https:\/\/secure.gravatar.com\/avatar\/7579c28254a1e3fb532b305d0ad84619bce4597a5ce0fe0edffd414168a68d0f?s=96&d=mm&r=g\",\"contentUrl\":\"https:\/\/secure.gravatar.com\/avatar\/7579c28254a1e3fb532b305d0ad84619bce4597a5ce0fe0edffd414168a68d0f?s=96&d=mm&r=g\",\"caption\":\"Piotr Milewski\"},\"url\":\"https:\/\/retreat.hardkon.pl\/2018\/author\/piotrmilewski\/\"}]}<\/script>\n<!-- \/ Yoast SEO plugin. -->","yoast_head_json":{"title":"Notatki z ucieczki - poniedzia\u0142ek - Hardkon - 2018 Larpers&#039; Retreat","robots":{"index":"index","follow":"follow","max-snippet":"max-snippet:-1","max-image-preview":"max-image-preview:large","max-video-preview":"max-video-preview:-1"},"canonical":"https:\/\/retreat.hardkon.pl\/2018\/notatki-z-ucieczki-poniedzialek\/","og_locale":"pl_PL","og_type":"article","og_title":"Notatki z ucieczki - poniedzia\u0142ek - Hardkon - 2018 Larpers&#039; Retreat","og_description":"Nie\u00addzie\u00adla, 2 wrze\u00ad\u015bnia \u2013 kolo\u00adr\u00f3w 5 i kola\u00adcja za tysiaka Kocha\u00adny dzienniku! Coraz cie\u00adplej i coraz wi\u0119\u00adcej zacz\u0119\u00adtych pro\u00adjek\u00adt\u00f3w. Dzi\u015b zmia\u00adna har\u00admo\u00adno\u00adgra\u00admu. Z racji zmia\u00adny tur\u00adnu\u00adsu i odp\u0142y\u00adwu dw\u00f3j\u00adki uciecz\u00adko\u00adwi\u00adcz\u00f3w, kt\u00f3\u00adrych popo\u00ad\u0142u\u00addniem zast\u0105\u00adpi\u00ad\u0142o tro\u00adje nowych, poran\u00adne pre\u00adzen\u00adta\u00adcje prze\u00adrzu\u00adci\u00adli\u00ad\u015bmy na popo\u00ad\u0142u\u00addnie. Wresz\u00adcie zro\u00adbi\u00ad\u0142o si\u0119 tro\u00adch\u0119 lu\u017a\u00adniej i waj\u00adcha w g\u0142o\u00adwie ruszy\u00ad\u0142a si\u0119 z try\u00adbu \u201cpra\u00adca, pra\u00adca,&nbsp;praca\u201d.&nbsp; [&hellip;]","og_url":"https:\/\/retreat.hardkon.pl\/2018\/notatki-z-ucieczki-poniedzialek\/","og_site_name":"Hardkon - 2018 Larpers&#039; Retreat","article_published_time":"2018-09-04T14:03:39+00:00","og_image":[{"width":1500,"height":1125,"url":"https:\/\/i0.wp.com\/retreat.hardkon.pl\/2018\/wp-content\/uploads\/sites\/7\/2018\/09\/hlr18-nius-poniedzia\u0142ek-04.jpg?fit=1500%2C1125&ssl=1","type":"image\/jpeg"}],"author":"Piotr Milewski","twitter_card":"summary_large_image","twitter_misc":{"Napisane przez":"Piotr Milewski","Szacowany czas czytania":"4 minuty"},"schema":{"@context":"https:\/\/schema.org","@graph":[{"@type":"Article","@id":"https:\/\/retreat.hardkon.pl\/2018\/notatki-z-ucieczki-poniedzialek\/#article","isPartOf":{"@id":"https:\/\/retreat.hardkon.pl\/2018\/notatki-z-ucieczki-poniedzialek\/"},"author":{"name":"Piotr Milewski","@id":"https:\/\/retreat.hardkon.pl\/2018\/#\/schema\/person\/fb601a2c3a7b2e26436b81f350676413"},"headline":"Notatki z ucieczki \u2013 poniedzia\u0142ek","datePublished":"2018-09-04T14:03:39+00:00","mainEntityOfPage":{"@id":"https:\/\/retreat.hardkon.pl\/2018\/notatki-z-ucieczki-poniedzialek\/"},"wordCount":764,"publisher":{"@id":"https:\/\/retreat.hardkon.pl\/2018\/#organization"},"image":{"@id":"https:\/\/retreat.hardkon.pl\/2018\/notatki-z-ucieczki-poniedzialek\/#primaryimage"},"thumbnailUrl":"https:\/\/retreat.hardkon.pl\/2018\/wp-content\/uploads\/sites\/7\/2018\/09\/hlr18-nius-poniedzia\u0142ek-04.jpg","keywords":["design","kodeks bohatera","larp","larpy","MtG"],"articleSection":["News"],"inLanguage":"pl-PL"},{"@type":"WebPage","@id":"https:\/\/retreat.hardkon.pl\/2018\/notatki-z-ucieczki-poniedzialek\/","url":"https:\/\/retreat.hardkon.pl\/2018\/notatki-z-ucieczki-poniedzialek\/","name":"Notatki z ucieczki - poniedzia\u0142ek - Hardkon - 2018 Larpers&#039; Retreat","isPartOf":{"@id":"https:\/\/retreat.hardkon.pl\/2018\/#website"},"primaryImageOfPage":{"@id":"https:\/\/retreat.hardkon.pl\/2018\/notatki-z-ucieczki-poniedzialek\/#primaryimage"},"image":{"@id":"https:\/\/retreat.hardkon.pl\/2018\/notatki-z-ucieczki-poniedzialek\/#primaryimage"},"thumbnailUrl":"https:\/\/retreat.hardkon.pl\/2018\/wp-content\/uploads\/sites\/7\/2018\/09\/hlr18-nius-poniedzia\u0142ek-04.jpg","datePublished":"2018-09-04T14:03:39+00:00","breadcrumb":{"@id":"https:\/\/retreat.hardkon.pl\/2018\/notatki-z-ucieczki-poniedzialek\/#breadcrumb"},"inLanguage":"pl-PL","potentialAction":[{"@type":"ReadAction","target":["https:\/\/retreat.hardkon.pl\/2018\/notatki-z-ucieczki-poniedzialek\/"]}]},{"@type":"ImageObject","inLanguage":"pl-PL","@id":"https:\/\/retreat.hardkon.pl\/2018\/notatki-z-ucieczki-poniedzialek\/#primaryimage","url":"https:\/\/retreat.hardkon.pl\/2018\/wp-content\/uploads\/sites\/7\/2018\/09\/hlr18-nius-poniedzia\u0142ek-04.jpg","contentUrl":"https:\/\/retreat.hardkon.pl\/2018\/wp-content\/uploads\/sites\/7\/2018\/09\/hlr18-nius-poniedzia\u0142ek-04.jpg","width":1500,"height":1125},{"@type":"BreadcrumbList","@id":"https:\/\/retreat.hardkon.pl\/2018\/notatki-z-ucieczki-poniedzialek\/#breadcrumb","itemListElement":[{"@type":"ListItem","position":1,"name":"Strona g\u0142\u00f3wna","item":"https:\/\/retreat.hardkon.pl\/2018\/"},{"@type":"ListItem","position":2,"name":"Notatki z ucieczki \u2013 poniedzia\u0142ek"}]},{"@type":"WebSite","@id":"https:\/\/retreat.hardkon.pl\/2018\/#website","url":"https:\/\/retreat.hardkon.pl\/2018\/","name":"Hardkon - 2018 Larpers&#039; Retreat","description":"Hardkon Larpers&#039; Retreat edycja 2018","publisher":{"@id":"https:\/\/retreat.hardkon.pl\/2018\/#organization"},"potentialAction":[{"@type":"SearchAction","target":{"@type":"EntryPoint","urlTemplate":"https:\/\/retreat.hardkon.pl\/2018\/?s={search_term_string}"},"query-input":{"@type":"PropertyValueSpecification","valueRequired":true,"valueName":"search_term_string"}}],"inLanguage":"pl-PL"},{"@type":"Organization","@id":"https:\/\/retreat.hardkon.pl\/2018\/#organization","name":"Hardkon - 2018 Larpers&#039; Retreat","url":"https:\/\/retreat.hardkon.pl\/2018\/","logo":{"@type":"ImageObject","inLanguage":"pl-PL","@id":"https:\/\/retreat.hardkon.pl\/2018\/#\/schema\/logo\/image\/","url":"https:\/\/retreat.hardkon.pl\/2018\/wp-content\/uploads\/sites\/7\/2018\/04\/HLG-2018-logo.png","contentUrl":"https:\/\/retreat.hardkon.pl\/2018\/wp-content\/uploads\/sites\/7\/2018\/04\/HLG-2018-logo.png","width":500,"height":60,"caption":"Hardkon - 2018 Larpers&#039; Retreat"},"image":{"@id":"https:\/\/retreat.hardkon.pl\/2018\/#\/schema\/logo\/image\/"}},{"@type":"Person","@id":"https:\/\/retreat.hardkon.pl\/2018\/#\/schema\/person\/fb601a2c3a7b2e26436b81f350676413","name":"Piotr Milewski","image":{"@type":"ImageObject","inLanguage":"pl-PL","@id":"https:\/\/secure.gravatar.com\/avatar\/7579c28254a1e3fb532b305d0ad84619bce4597a5ce0fe0edffd414168a68d0f?s=96&d=mm&r=g","url":"https:\/\/secure.gravatar.com\/avatar\/7579c28254a1e3fb532b305d0ad84619bce4597a5ce0fe0edffd414168a68d0f?s=96&d=mm&r=g","contentUrl":"https:\/\/secure.gravatar.com\/avatar\/7579c28254a1e3fb532b305d0ad84619bce4597a5ce0fe0edffd414168a68d0f?s=96&d=mm&r=g","caption":"Piotr Milewski"},"url":"https:\/\/retreat.hardkon.pl\/2018\/author\/piotrmilewski\/"}]}},"_links":{"self":[{"href":"https:\/\/retreat.hardkon.pl\/2018\/wp-json\/wp\/v2\/posts\/1432","targetHints":{"allow":["GET"]}}],"collection":[{"href":"https:\/\/retreat.hardkon.pl\/2018\/wp-json\/wp\/v2\/posts"}],"about":[{"href":"https:\/\/retreat.hardkon.pl\/2018\/wp-json\/wp\/v2\/types\/post"}],"author":[{"embeddable":true,"href":"https:\/\/retreat.hardkon.pl\/2018\/wp-json\/wp\/v2\/users\/2"}],"replies":[{"embeddable":true,"href":"https:\/\/retreat.hardkon.pl\/2018\/wp-json\/wp\/v2\/comments?post=1432"}],"version-history":[{"count":0,"href":"https:\/\/retreat.hardkon.pl\/2018\/wp-json\/wp\/v2\/posts\/1432\/revisions"}],"wp:featuredmedia":[{"embeddable":true,"href":"https:\/\/retreat.hardkon.pl\/2018\/wp-json\/wp\/v2\/media\/1433"}],"wp:attachment":[{"href":"https:\/\/retreat.hardkon.pl\/2018\/wp-json\/wp\/v2\/media?parent=1432"}],"wp:term":[{"taxonomy":"category","embeddable":true,"href":"https:\/\/retreat.hardkon.pl\/2018\/wp-json\/wp\/v2\/categories?post=1432"},{"taxonomy":"post_tag","embeddable":true,"href":"https:\/\/retreat.hardkon.pl\/2018\/wp-json\/wp\/v2\/tags?post=1432"}],"curies":[{"name":"wp","href":"https:\/\/api.w.org\/{rel}","templated":true}]}}