{"id":1441,"date":"2018-09-06T14:51:37","date_gmt":"2018-09-06T12:51:37","guid":{"rendered":"http:\/\/retreat.hardkon.pl\/2018\/?p=1441"},"modified":"2018-09-06T15:23:20","modified_gmt":"2018-09-06T13:23:20","slug":"notatki-z-ucieczki-sroda","status":"publish","type":"post","link":"https:\/\/retreat.hardkon.pl\/2018\/notatki-z-ucieczki-sroda\/","title":{"rendered":"Notatki z ucieczki \u2013&nbsp;\u015broda"},"content":{"rendered":"<p><span style=\"font-weight: 400\">\u015aro\u00adda, 5 wrze\u00ad\u015bnia \u2013 #Czy\u00adJaW\u00adresz\u00adcie\u00adMo\u00adg\u0119\u00adPo\u00adwie\u00addzie\u0107\u00adco\u00ad\u015bO\u00adM\u0119\u017c\u00adczy\u00adznach<\/span><\/p>\n<p><span style=\"font-weight: 400\">Kocha\u00adny dzienniku!<\/span><\/p>\n<p><span style=\"font-weight: 400\">Nie pami\u0119\u00adtam lar\u00adpo\u00adwe\u00adgo kon\u00adwen\u00adtu, kt\u00f3\u00adry mia\u0142\u00adby lep\u00adsz\u0105 pogo\u00add\u0119. Noc\u00adne nie\u00adbo l\u015bni gwiaz\u00adda\u00admi, ale nie ma ksi\u0119\u00ad\u017cy\u00adca \u2013 ide\u00adal\u00adnie do pro\u00adwa\u00addze\u00adnia hor\u00adro\u00adr\u00f3w, alie\u00adn\u00f3w i noc\u00adnych tere\u00adn\u00f3\u00adwek. Za dnia przy\u00adjem\u00adne 20 stop\u00adni i co\u015b. Nie pada, lek\u00adko grze\u00adje i wci\u0105\u017c daje si\u0119 wej\u015b\u0107 do jezio\u00adra. Ide\u00adal\u00adny lipiec mamy tego wrze\u00ad\u015bnia. Pre\u00adzen\u00adta\u00adcja, tra\u00addy\u00adcyj\u00adnie pod lip\u0105. W pro\u00adgra\u00admie mie\u00adli\u00ad\u015bmy dwie, ale spon\u00adta\u00adnicz\u00adnie zro\u00adbi\u00ad\u0142y si\u0119 z tego trzy. Zacz\u0119\u00adli\u00ad\u015bmy od do\u015bwiad\u00adcze\u0144 immer\u00adsyj\u00adnych \u2013 nowe\u00adgo \u201cgatun\u00adku gra\u00adnicz\u00adne\u00adgo\u201d, o kt\u00f3\u00adrym dys\u00adku\u00adto\u00adwa\u00adli\u00ad\u015bmy dzie\u0144 wcze\u015bniej.<\/span><\/p>\n<p><i><span style=\"font-weight: 400\">Pre\u00adzen\u00adta\u00adcja: <\/span><\/i><i><span style=\"font-weight: 400\">Immer\u00adsi\u00adve Experiences<\/span><\/i><\/p>\n<p><span style=\"font-weight: 400\">Pami\u0119\u00adta\u00adcie ten&nbsp;film?<\/span><\/p>\n<p><iframe loading=\"lazy\" title=\"THE GAME - Official Trailer (1997) Michael Douglas\" width=\"500\" height=\"281\" src=\"https:\/\/www.youtube.com\/embed\/dLauqDChQGs?feature=oembed\" frameborder=\"0\" allow=\"accelerometer; autoplay; clipboard-write; encrypted-media; gyroscope; picture-in-picture; web-share\" referrerpolicy=\"strict-origin-when-cross-origin\" allowfullscreen><\/iframe><\/p>\n<p><span style=\"font-weight: 400\">Kil\u00adka\u00adkrot\u00adnie, przy r\u00f3\u017c\u00adnych oka\u00adzjach zda\u00adrzy\u00ad\u0142o mi si\u0119 dys\u00adku\u00adto\u00adwa\u0107 czy tytu\u00ad\u0142o\u00adwa <\/span><i><span style=\"font-weight: 400\">Gra <\/span><\/i><span style=\"font-weight: 400\">to by\u0142 larp, czy nie. Czy mo\u017ce w\u0142a\u00ad\u015bnie pierw\u00adsza pre\u00adzen\u00adta\u00adcje immer\u00adsyj\u00adne\u00adgo do\u015bwiad\u00adcze\u00adnia na kino\u00adwym ekra\u00adnie? Gry, kt\u00f3\u00adra nie t\u0142u\u00adma\u00adczy swo\u00adich zasad, a jedy\u00adnie wci\u0105\u00adga nas total\u00adnie w opowie\u015b\u0107<\/span><\/p>\n<p><span style=\"font-weight: 400\">Zacz\u0119\u00ad\u0142o si\u0119 jak wie\u00adle innych rze\u00adczy, w s\u0142o\u00adnecz\u00adnej Kali\u00adfor\u00adni, pod koniec pierw\u00adszej deka\u00addy <span class=\"caps\">XXI<\/span> wie\u00adku. W oko\u00adli\u00adcach <span class=\"caps\">LA<\/span> dzia\u00ad\u0142a\u00ad\u0142y 3 gru\u00adpy, kt\u00f3\u00adre ofe\u00adro\u00adwa\u00ad\u0142y swo\u00adim widzom co\u015b wi\u0119\u00adcej ni\u017c zwy\u00adk\u0142y teatr. Dzi\u015b regu\u00adlar\u00adne show daje ponad 70 zespo\u00ad\u0142\u00f3w, a moda szyb\u00adko roz\u00adprze\u00adstrze\u00adnia si\u0119 na inne o\u015brod\u00adki s\u0142y\u00adn\u0105\u00adce z publicz\u00adno\u00ad\u015bci przy\u00adchyl\u00adnej awan\u00adgar\u00addzie \u2013 Nowy York, Lon\u00addyn, Berlin.&nbsp;<\/span><\/p>\n<p><span style=\"font-weight: 400\">Czym jest immer\u00adsi\u00adve expe\u00adrien\u00adce? Nie uda\u00ad\u0142o mi si\u0119 zna\u00adle\u017a\u0107 jed\u00adnej defi\u00adni\u00adcji, cho\u00adcia\u017c o samym zja\u00adwi\u00adsku <a href=\"https:\/\/www.forbes.com\/sites\/propointgraphics\/2017\/08\/05\/storytelling-the-key-to-immersive-experiences\/#6078d9bc4716\" target=\"_blank\" rel=\"noopener\">pisz\u0105 nawet naj\u00adpo\u00adwa\u017c\u00adniej\u00adsze gaze\u00adty<\/a>. W jed\u00adnej insce\u00adni\u00adza\u00adcji mo\u017c\u00adna by\u0107 jedy\u00adnie pasyw\u00adnym obser\u00adwa\u00adto\u00adrem. W innej \u2013 aktyw\u00adnym wsp\u00f3\u0142\u00adtw\u00f3r\u00adca opo\u00adwie\u00ad\u015bci. To, co je \u0142\u0105czy to nar\u00adra\u00adcja przez oto\u00adcze\u00adnie. Jej zada\u00adniem jest wci\u0105\u00adgn\u0105\u0107 nas jak naj\u00adg\u0142\u0119\u00adbiej w opo\u00adwie\u015b\u0107 i pie\u00adczo\u00ad\u0142o\u00adwi\u00adcie wykre\u00adowa\u00adn\u0105 przez tw\u00f3r\u00adc\u00f3w fikcj\u0119.<\/span><\/p>\n<p><span style=\"font-weight: 400\">W ser\u00adwi\u00adsie <a href=\"https:\/\/www.haunting.net\/\" target=\"_blank\" rel=\"noopener\"><em>haunting.net<\/em><\/a>, kt\u00f3\u00adry agre\u00adgu\u00adje infor\u00adma\u00adcje o nad\u00adcho\u00addz\u0105\u00adcych wyda\u00adrze\u00adniach, recen\u00adzje zna\u00adla\u00adz\u0142em racz\u00adku\u00adj\u0105\u00adca zak\u0142ad\u00adk\u0119 \u201cdla tw\u00f3r\u00adc\u00f3w\u201d a w niej 13 lek\u00adcji dla pocz\u0105t\u00adku\u00adj\u0105\u00adcych tw\u00f3r\u00adc\u00f3w immer\u00adsyj\u00adnych do\u015bwiad\u00adcze\u0144. Om\u00f3\u00adwi\u00adli\u00ad\u015bmy je po kolei. Nie\u00adkt\u00f3\u00adre z nich wywo\u00ad\u0142y\u00adwa\u00ad\u0142y u\u015bmiech poli\u00adto\u00adwa\u00adnia \u2013 obja\u00adwio\u00adne praw\u00addy s\u0105 bowiem pod\u00adsta\u00adw\u0105 two\u00adrze\u00adnia lar\u00adp\u00f3w i wie o nich ka\u017c\u00addy, kto napi\u00adsa\u0142 lub zagra\u0142 cho\u00adcia\u017c jeden sce\u00adna\u00adriusz. Inne zmu\u00adsi\u00ad\u0142y nas do zada\u00adnia sobie trud\u00adnych pyta\u0144. Pole\u00adcam wam ca\u0142y <a href=\"https:\/\/www.haunting.net\/immersive-creators-lessons\/\" target=\"_blank\" rel=\"noopener\"><span class=\"caps\">TEKST<\/span><\/a> i pole\u00adcam g\u0142\u0119\u00adbo\u00adkiej reflek\u00adsji. War\u00adto te\u017c przyj\u00adrze\u0107 si\u0119 licz\u00adnie wzmian\u00adko\u00adwa\u00adnym w nim case studies.<\/span><\/p>\n<p><span style=\"font-weight: 400\">Nast\u0119p\u00adn\u0105 pre\u00adzen\u00adta\u00adcj\u0119 pro\u00adwa\u00addzi\u0142 Micha\u0142:<\/span><\/p>\n<p><em><span style=\"font-weight: 400\">Pre\u00adzen\u00adta\u00adcja: Larp histo\u00adrycz\u00adny jako per\u00adfor\u00adman\u00adce dzie\u00addzic\u00adtwa historycznego<\/span><\/em><\/p>\n<p><span style=\"font-weight: 400\">Sche\u00adda. Spu\u00ad\u015bci\u00adzna. Dobra mate\u00adrial\u00adne i nie\u00adma\u00adte\u00adrial\u00adne. J\u0119zyk, Oby\u00adcza\u00adje. Ka\u017c\u00adde\u00admu z nas s\u0142o\u00adwo \u201cdzie\u00addzic\u00adtwo koja\u00adrzy si\u0119 tro\u00adch\u0119 ina\u00adczej. Mochoc\u00adki wpro\u00adwa\u00addzi\u0142 nas w arka\u00adna dzie\u00addzi\u00adny nauki, kt\u00f3\u00adra po angiel\u00adsku nazy\u00adwa sie <\/span><i><span style=\"font-weight: 400\">heri\u00adta\u00adge stu\u00addies<\/span><\/i><span style=\"font-weight: 400\">. Przez pierw\u00adsz\u0105 cz\u0119\u015b\u0107 pre\u00adzen\u00adta\u00adcji prze\u00adbi\u00adja\u00adli\u00ad\u015bmy si\u0119 przez seman\u00adty\u00adk\u0105. Czym jest kul\u00adtu\u00adra? Czym r\u00f3\u017c\u00adni si\u0119 dzie\u00addzic\u00adtwo od kul\u00adtu\u00adry, co zawie\u00adra si\u0119 w czym (na spra\u00adw\u0119 mo\u017c\u00adna spoj\u00adrze\u0107 z bar\u00addzo wie\u00adlu per\u00adspek\u00adtyw). Potem przy\u00adsz\u0142a pora na zna\u00adle\u00adzie\u00adnie odpo\u00adwie\u00addzi na pyta\u00adnie kie\u00addy rze\u00adczy sta\u00adj\u0105 si\u0119 dziedzictwem?<\/span><span style=\"font-weight: 400\"><br>\n<\/span><span style=\"font-weight: 400\">Jed\u00adna z defi\u00adni\u00adcji m\u00f3wi, \u017ce w momen\u00adcie prze\u00adka\u00adza\u00adnia i nada\u00adnia im opo\u00adwie\u00ad\u015bci. Inna, \u017ce dopie\u00adro wte\u00addy, gdy ludzie z rze\u00adcz\u0105 zaczy\u00adna\u00adj\u0105 co\u015b robi\u0107. Potem przy\u00adszed\u0142 czas na om\u00f3\u00adwie\u00adnie dzie\u00addzic\u00adtwa jako pro\u00adce\u00adsu (kt\u00f3\u00adry jest nar\u00adra\u00adcyj\u00adny, budu\u00adje to\u017c\u00adsa\u00admo\u00ad\u015bci umo\u017c\u00adli\u00adwia dzia\u00ad\u0142a\u00adnia kreatywne).<\/span><\/p>\n<p><span style=\"font-weight: 400\">Naj\u00adcie\u00adkaw\u00adsze dla mnie by\u0142y lar\u00adpo\u00adwe apli\u00adka\u00adcje zacho\u00adwa\u0144 zwie\u00addza\u00adj\u0105\u00adcych muzea, kt\u00f3\u00adre w <a href=\"https:\/\/www2.le.ac.uk\/departments\/museumstudies\/museumsociety\/documents\/volumes\/msbagnall.pdf\" target=\"_blank\" rel=\"noopener\"><span class=\"caps\">SWOIM<\/span> <span class=\"caps\">ARTYKULE<\/span><\/a> opi\u00adsa\u00ad\u0142a Gay\u00adnor Bagnall, czy\u00adli mapowanie:<\/span><\/p>\n<ul>\n<li><span style=\"font-weight: 400\">fizycz\u00adne (wiem jak wygl\u0105\u00adda\u00ad\u0142a prze\u00adstrze\u0144 &nbsp;i co ludzie w niej robili);<\/span><\/li>\n<li><span style=\"font-weight: 400\">wyobra\u00ad\u017ce\u00adnio\u00adwe (wyobra\u00ad\u017cam sobie jak w tej prze\u00adstrze\u00adni ludzie funk\u00adcjo\u00adno\u00adwa\u00adli kiedy\u015b);<\/span><\/li>\n<li><span style=\"font-weight: 400\">emo\u00adcjo\u00adnal\u00adne (prze\u00adstrze\u0144 wywo\u00ad\u0142u\u00adje we mnie reak\u00adcje empa\u00adtycz\u00adne w sto\u00adsun\u00adku ludzi, kt\u00f3\u00adrzy zalud\u00adnia\u00adli j\u0105 kie\u00addy\u015b \u201cjak oni mie\u00adli ci\u0119\u017c\u00adko\u201d, \u201cale mie\u00adli tu fajnie!\u201d).<\/span><\/li>\n<\/ul>\n<p><span style=\"font-weight: 400\">Oka\u00adzu\u00adje si\u0119, \u017ce w podob\u00adny spo\u00ads\u00f3b (mapu\u00adj\u0105c prze\u00adstrze\u0144 na w\/w pozio\u00admach) zacho\u00adwu\u00adj\u0105 si\u0119 gra\u00adcze na lar\u00adpach. \u015awia\u00addo\u00adme pro\u00adjek\u00adto\u00adwa\u00adnie prze\u00adstrze\u00adni \u201cpod mapo\u00adwa\u00adnie\u201d mo\u017ce by\u0107 pot\u0119\u017c\u00adnym narz\u0119\u00addziem w r\u0119kach spraw\u00adnych tw\u00f3rc\u00f3w.&nbsp;<\/span><span style=\"font-weight: 400\"><br>\n<\/span><span style=\"font-weight: 400\">Dobra, cie\u00adka\u00adwa i otwie\u00adra\u00adj\u0105\u00adca g\u0142o\u00adwy pre\u00adlek\u00adcja, kt\u00f3\u00adrej nie jestem w sta\u00adnie opi\u00adsa\u0107 w ca\u0142o\u00ad\u015bci tutaj na blo\u00adgu (m\u00f3j sta\u00ad\u0142y pro\u00adblem z pre\u00adzen\u00adta\u00adcja\u00admi innych uciecz\u00adko\u00adwi\u00adcz\u00f3w, a Mochoc\u00adkich zw\u0142asz\u00adcza, cho\u0107 z Doro\u00adta mam w tym roku dok\u0142ad\u00adnie tak&nbsp;samo).<\/span><\/p>\n<p><span style=\"font-weight: 400\">Na \u017cycze\u00adnie uczest\u00adni\u00adk\u00f3w zmie\u00adni\u00adli\u00ad\u015bmy pro\u00adgram dnia. Po po\u0142u\u00addniu Ola zamiast deba\u00adty popro\u00adwa\u00addzi\u00ad\u0142a pre\u00adzen\u00adta\u00adcj\u0119 off-program&nbsp;<\/span><\/p>\n<p><em><span style=\"font-weight: 400\">Pre\u00adzen\u00adta\u00adcja: Wst\u0119p do gier per\u00adwa\u00adsyw\u00adnych i&nbsp;<span class=\"caps\">ARG<\/span><\/span><\/em><\/p>\n<p><span style=\"font-weight: 400\">\u2026Gdzie opo\u00adwie\u00addzia\u00ad\u0142a o tym jak rodzi\u0142 si\u0119, roz\u00adwi\u00adja\u0142 i jak zmie\u00adni\u0142 ten gatu\u00adnek. Pad\u0142y defi\u00adni\u00adcje pod\u00adsta\u00adwo\u00adwych poj\u0119\u0107 (jak <em>rab\u00adbit hole<\/em>), zna\u00adla\u00adz\u0142o si\u0119 te\u017c miej\u00adsce na om\u00f3\u00adwie\u00adnie pod\u00adsta\u00adwo\u00adwych cech gatun\u00adku (roz\u00admy\u00adcie cza\u00adso\u00adwe, prze\u00adstrzen\u00adne i spo\u00ad\u0142ecz\u00adne poza magicz\u00adny kr\u0105g gry). Do tego mn\u00f3\u00adstwo cie\u00adka\u00adwych case stu\u00addies, nie tyl\u00adko tych opi\u00adsa\u00adnych w <a href=\"https:\/\/books.google.pl\/books\/about\/Pervasive_Games.html?id=Yk4CCx6UyIIC&amp;source=kp_cover&amp;redir_esc=y\" target=\"_blank\" rel=\"noopener\"><em>Per\u00adva\u00adsi\u00adve Games<\/em><\/a>, ale te\u017c pozbie\u00adra\u00adnych przez Ol\u0119 z innych \u017ar\u00f3\u00adde\u0142. Na zako\u0144\u00adcze\u00adnie \u2013 kil\u00adka cie\u00adka\u00adwo\u00adstek na temat inter\u00adne\u00adto\u00adwych hoax\u00f3w.&nbsp;<\/span><\/p>\n<p><span style=\"font-weight: 400\">Po raz pierw\u00adszy zre\u00adzy\u00adgno\u00adwa\u00adli\u00ad\u015bmy z wie\u00adczor\u00adnej sesji kre\u00adatyw\u00adnej na rzecz inte\u00adgra\u00adcji przy plan\u00adsz\u00f3w\u00adkach. M\u0142o\u00addzi rzu\u00adtem na ta\u015bm\u0119 ogra\u00adli sta\u00adrych w <em>Taj\u00adnia\u00adk\u00f3w<\/em>, z dw\u00f3ch sesji <em>Dixi\u00adta<\/em> wyszed\u0142 zwy\u00adci\u0119\u00adsko Sha\u00adman i ja z Mar\u00adt\u0105 na remisie.&nbsp;<\/span><\/p>\n<p><span style=\"font-weight: 400\">Nie\u00adwiel\u00adki zesp\u00f3\u0142 bojo\u00adwy uda\u00ad\u0142a si\u0119 te\u017c o p\u00f3\u0142\u00adno\u00adcy na noc\u00adny spa\u00adcer \u017ceby spraw\u00addzi\u0107 czy w lesie stra\u00adszy. Prze\u00adchadz\u00adka odby\u00ad\u0142a si\u0119 \u017cwa\u00adwym tem\u00adpem, zaj\u0119\u00ad\u0142a dwa razy mniej cza\u00adsu ni\u017c by\u0142o w pla\u00adnie i stra\u00adszy\u00ad\u0142o tyl\u00adko tro\u00adch\u0119 i tyl\u00adko przez chwi\u00adl\u0119, ale nie wia\u00addo\u00admo co dok\u0142adnie.<\/span><\/p>\n<p>&nbsp;<\/p>\n","protected":false},"excerpt":{"rendered":"<p>\u015aro\u00adda, 5 wrze\u00ad\u015bnia \u2013 #Czy\u00adJaW\u00adresz\u00adcie\u00adMo\u00adg\u0119\u00adPo\u00adwie\u00addzie\u0107\u00adco\u00ad\u015bO\u00adM\u0119\u017c\u00adczy\u00adznach Kocha\u00adny dzien\u00adni\u00adku! Nie pami\u0119\u00adtam lar\u00adpo\u00adwe\u00adgo kon\u00adwen\u00adtu, kt\u00f3\u00adry mia\u0142\u00adby lep\u00adsz\u0105 pogo\u00add\u0119. Noc\u00adne nie\u00adbo l\u015bni gwiaz\u00adda\u00admi, ale nie ma ksi\u0119\u00ad\u017cy\u00adca \u2013 ide\u00adal\u00adnie do pro\u00adwa\u00addze\u00adnia hor\u00adro\u00adr\u00f3w, alie\u00adn\u00f3w i noc\u00adnych tere\u00adn\u00f3\u00adwek. Za dnia przy\u00adjem\u00adne 20 stop\u00adni i co\u015b. Nie pada, lek\u00adko grze\u00adje i wci\u0105\u017c daje si\u0119 wej\u015b\u0107 do jezio\u00adra. Ide\u00adal\u00adny lipiec mamy tego wrze\u015bnia.&nbsp;[\u2026]<\/p>\n","protected":false},"author":2,"featured_media":1443,"comment_status":"closed","ping_status":"open","sticky":false,"template":"","format":"standard","meta":{"wp_typography_post_enhancements_disabled":false,"_monsterinsights_skip_tracking":false,"_monsterinsights_sitenote_active":false,"_monsterinsights_sitenote_note":"","_monsterinsights_sitenote_category":0,"footnotes":""},"categories":[1,10],"tags":[19,169,170,17,45],"class_list":["post-1441","post","type-post","status-publish","format-standard","has-post-thumbnail","hentry","category-bez-kategorii","category-news","tag-design","tag-doswiadczenia-immersyjne","tag-immersive-experience","tag-larp","tag-larpy"],"yoast_head":"<!-- This site is optimized with the Yoast SEO plugin v27.2 - https:\/\/yoast.com\/product\/yoast-seo-wordpress\/ -->\n<title>Notatki z ucieczki - \u015broda - Hardkon - 2018 Larpers&#039; Retreat<\/title>\n<meta name=\"robots\" content=\"index, follow, max-snippet:-1, max-image-preview:large, max-video-preview:-1\" \/>\n<link rel=\"canonical\" href=\"https:\/\/retreat.hardkon.pl\/2018\/notatki-z-ucieczki-sroda\/\" \/>\n<meta property=\"og:locale\" content=\"pl_PL\" \/>\n<meta property=\"og:type\" content=\"article\" \/>\n<meta property=\"og:title\" content=\"Notatki z ucieczki - \u015broda - Hardkon - 2018 Larpers&#039; Retreat\" \/>\n<meta property=\"og:description\" content=\"\u015aro\u00adda, 5 wrze\u00ad\u015bnia \u2013 #Czy\u00adJaW\u00adresz\u00adcie\u00adMo\u00adg\u0119\u00adPo\u00adwie\u00addzie\u0107\u00adco\u00ad\u015bO\u00adM\u0119\u017c\u00adczy\u00adznach Kocha\u00adny dzienniku! Nie pami\u0119\u00adtam lar\u00adpo\u00adwe\u00adgo kon\u00adwen\u00adtu, kt\u00f3\u00adry mia\u0142\u00adby lep\u00adsz\u0105 pogo\u00add\u0119. Noc\u00adne nie\u00adbo l\u015bni gwiaz\u00adda\u00admi, ale nie ma ksi\u0119\u00ad\u017cy\u00adca \u2013 ide\u00adal\u00adnie do pro\u00adwa\u00addze\u00adnia hor\u00adro\u00adr\u00f3w, alie\u00adn\u00f3w i noc\u00adnych tere\u00adn\u00f3\u00adwek. Za dnia przy\u00adjem\u00adne 20 stop\u00adni i co\u015b. Nie pada, lek\u00adko grze\u00adje i wci\u0105\u017c daje si\u0119 wej\u015b\u0107 do jezio\u00adra. Ide\u00adal\u00adny lipiec mamy tego wrze\u00ad\u015bnia. [&hellip;]\" \/>\n<meta property=\"og:url\" content=\"https:\/\/retreat.hardkon.pl\/2018\/notatki-z-ucieczki-sroda\/\" \/>\n<meta property=\"og:site_name\" content=\"Hardkon - 2018 Larpers&#039; Retreat\" \/>\n<meta property=\"article:published_time\" content=\"2018-09-06T12:51:37+00:00\" \/>\n<meta property=\"article:modified_time\" content=\"2018-09-06T13:23:20+00:00\" \/>\n<meta property=\"og:image\" content=\"https:\/\/i0.wp.com\/retreat.hardkon.pl\/2018\/wp-content\/uploads\/sites\/7\/2018\/09\/hlr18-nius-\u015broda-06-copy.jpg?fit=1500%2C1125&ssl=1\" \/>\n\t<meta property=\"og:image:width\" content=\"1500\" \/>\n\t<meta property=\"og:image:height\" content=\"1125\" \/>\n\t<meta property=\"og:image:type\" content=\"image\/jpeg\" \/>\n<meta name=\"author\" content=\"Piotr Milewski\" \/>\n<meta name=\"twitter:card\" content=\"summary_large_image\" \/>\n<meta name=\"twitter:label1\" content=\"Napisane przez\" \/>\n\t<meta name=\"twitter:data1\" content=\"Piotr Milewski\" \/>\n\t<meta name=\"twitter:label2\" content=\"Szacowany czas czytania\" \/>\n\t<meta name=\"twitter:data2\" content=\"4 minuty\" \/>\n<script type=\"application\/ld+json\" class=\"yoast-schema-graph\">{\"@context\":\"https:\/\/schema.org\",\"@graph\":[{\"@type\":\"Article\",\"@id\":\"https:\/\/retreat.hardkon.pl\/2018\/notatki-z-ucieczki-sroda\/#article\",\"isPartOf\":{\"@id\":\"https:\/\/retreat.hardkon.pl\/2018\/notatki-z-ucieczki-sroda\/\"},\"author\":{\"name\":\"Piotr Milewski\",\"@id\":\"https:\/\/retreat.hardkon.pl\/2018\/#\/schema\/person\/fb601a2c3a7b2e26436b81f350676413\"},\"headline\":\"Notatki z ucieczki \u2013&nbsp;\u015broda\",\"datePublished\":\"2018-09-06T12:51:37+00:00\",\"dateModified\":\"2018-09-06T13:23:20+00:00\",\"mainEntityOfPage\":{\"@id\":\"https:\/\/retreat.hardkon.pl\/2018\/notatki-z-ucieczki-sroda\/\"},\"wordCount\":903,\"publisher\":{\"@id\":\"https:\/\/retreat.hardkon.pl\/2018\/#organization\"},\"image\":{\"@id\":\"https:\/\/retreat.hardkon.pl\/2018\/notatki-z-ucieczki-sroda\/#primaryimage\"},\"thumbnailUrl\":\"https:\/\/retreat.hardkon.pl\/2018\/wp-content\/uploads\/sites\/7\/2018\/09\/hlr18-nius-\u015broda-06-copy.jpg\",\"keywords\":[\"design\",\"do\u015bwiadczenia immersyjne\",\"immersive experience\",\"larp\",\"larpy\"],\"articleSection\":{\"1\":\"News\"},\"inLanguage\":\"pl-PL\"},{\"@type\":\"WebPage\",\"@id\":\"https:\/\/retreat.hardkon.pl\/2018\/notatki-z-ucieczki-sroda\/\",\"url\":\"https:\/\/retreat.hardkon.pl\/2018\/notatki-z-ucieczki-sroda\/\",\"name\":\"Notatki z ucieczki - \u015broda - Hardkon - 2018 Larpers&#039; Retreat\",\"isPartOf\":{\"@id\":\"https:\/\/retreat.hardkon.pl\/2018\/#website\"},\"primaryImageOfPage\":{\"@id\":\"https:\/\/retreat.hardkon.pl\/2018\/notatki-z-ucieczki-sroda\/#primaryimage\"},\"image\":{\"@id\":\"https:\/\/retreat.hardkon.pl\/2018\/notatki-z-ucieczki-sroda\/#primaryimage\"},\"thumbnailUrl\":\"https:\/\/retreat.hardkon.pl\/2018\/wp-content\/uploads\/sites\/7\/2018\/09\/hlr18-nius-\u015broda-06-copy.jpg\",\"datePublished\":\"2018-09-06T12:51:37+00:00\",\"dateModified\":\"2018-09-06T13:23:20+00:00\",\"breadcrumb\":{\"@id\":\"https:\/\/retreat.hardkon.pl\/2018\/notatki-z-ucieczki-sroda\/#breadcrumb\"},\"inLanguage\":\"pl-PL\",\"potentialAction\":[{\"@type\":\"ReadAction\",\"target\":[\"https:\/\/retreat.hardkon.pl\/2018\/notatki-z-ucieczki-sroda\/\"]}]},{\"@type\":\"ImageObject\",\"inLanguage\":\"pl-PL\",\"@id\":\"https:\/\/retreat.hardkon.pl\/2018\/notatki-z-ucieczki-sroda\/#primaryimage\",\"url\":\"https:\/\/retreat.hardkon.pl\/2018\/wp-content\/uploads\/sites\/7\/2018\/09\/hlr18-nius-\u015broda-06-copy.jpg\",\"contentUrl\":\"https:\/\/retreat.hardkon.pl\/2018\/wp-content\/uploads\/sites\/7\/2018\/09\/hlr18-nius-\u015broda-06-copy.jpg\",\"width\":1500,\"height\":1125},{\"@type\":\"BreadcrumbList\",\"@id\":\"https:\/\/retreat.hardkon.pl\/2018\/notatki-z-ucieczki-sroda\/#breadcrumb\",\"itemListElement\":[{\"@type\":\"ListItem\",\"position\":1,\"name\":\"Strona g\u0142\u00f3wna\",\"item\":\"https:\/\/retreat.hardkon.pl\/2018\/\"},{\"@type\":\"ListItem\",\"position\":2,\"name\":\"Notatki z ucieczki \u2013&nbsp;\u015broda\"}]},{\"@type\":\"WebSite\",\"@id\":\"https:\/\/retreat.hardkon.pl\/2018\/#website\",\"url\":\"https:\/\/retreat.hardkon.pl\/2018\/\",\"name\":\"Hardkon - 2018 Larpers&#039; Retreat\",\"description\":\"Hardkon Larpers&#039; Retreat edycja 2018\",\"publisher\":{\"@id\":\"https:\/\/retreat.hardkon.pl\/2018\/#organization\"},\"potentialAction\":[{\"@type\":\"SearchAction\",\"target\":{\"@type\":\"EntryPoint\",\"urlTemplate\":\"https:\/\/retreat.hardkon.pl\/2018\/?s={search_term_string}\"},\"query-input\":{\"@type\":\"PropertyValueSpecification\",\"valueRequired\":true,\"valueName\":\"search_term_string\"}}],\"inLanguage\":\"pl-PL\"},{\"@type\":\"Organization\",\"@id\":\"https:\/\/retreat.hardkon.pl\/2018\/#organization\",\"name\":\"Hardkon - 2018 Larpers&#039; Retreat\",\"url\":\"https:\/\/retreat.hardkon.pl\/2018\/\",\"logo\":{\"@type\":\"ImageObject\",\"inLanguage\":\"pl-PL\",\"@id\":\"https:\/\/retreat.hardkon.pl\/2018\/#\/schema\/logo\/image\/\",\"url\":\"https:\/\/retreat.hardkon.pl\/2018\/wp-content\/uploads\/sites\/7\/2018\/04\/HLG-2018-logo.png\",\"contentUrl\":\"https:\/\/retreat.hardkon.pl\/2018\/wp-content\/uploads\/sites\/7\/2018\/04\/HLG-2018-logo.png\",\"width\":500,\"height\":60,\"caption\":\"Hardkon - 2018 Larpers&#039; Retreat\"},\"image\":{\"@id\":\"https:\/\/retreat.hardkon.pl\/2018\/#\/schema\/logo\/image\/\"}},{\"@type\":\"Person\",\"@id\":\"https:\/\/retreat.hardkon.pl\/2018\/#\/schema\/person\/fb601a2c3a7b2e26436b81f350676413\",\"name\":\"Piotr Milewski\",\"image\":{\"@type\":\"ImageObject\",\"inLanguage\":\"pl-PL\",\"@id\":\"https:\/\/secure.gravatar.com\/avatar\/7579c28254a1e3fb532b305d0ad84619bce4597a5ce0fe0edffd414168a68d0f?s=96&d=mm&r=g\",\"url\":\"https:\/\/secure.gravatar.com\/avatar\/7579c28254a1e3fb532b305d0ad84619bce4597a5ce0fe0edffd414168a68d0f?s=96&d=mm&r=g\",\"contentUrl\":\"https:\/\/secure.gravatar.com\/avatar\/7579c28254a1e3fb532b305d0ad84619bce4597a5ce0fe0edffd414168a68d0f?s=96&d=mm&r=g\",\"caption\":\"Piotr Milewski\"},\"url\":\"https:\/\/retreat.hardkon.pl\/2018\/author\/piotrmilewski\/\"}]}<\/script>\n<!-- \/ Yoast SEO plugin. -->","yoast_head_json":{"title":"Notatki z ucieczki - \u015broda - Hardkon - 2018 Larpers&#039; Retreat","robots":{"index":"index","follow":"follow","max-snippet":"max-snippet:-1","max-image-preview":"max-image-preview:large","max-video-preview":"max-video-preview:-1"},"canonical":"https:\/\/retreat.hardkon.pl\/2018\/notatki-z-ucieczki-sroda\/","og_locale":"pl_PL","og_type":"article","og_title":"Notatki z ucieczki - \u015broda - Hardkon - 2018 Larpers&#039; Retreat","og_description":"\u015aro\u00adda, 5 wrze\u00ad\u015bnia \u2013 #Czy\u00adJaW\u00adresz\u00adcie\u00adMo\u00adg\u0119\u00adPo\u00adwie\u00addzie\u0107\u00adco\u00ad\u015bO\u00adM\u0119\u017c\u00adczy\u00adznach Kocha\u00adny dzienniku! Nie pami\u0119\u00adtam lar\u00adpo\u00adwe\u00adgo kon\u00adwen\u00adtu, kt\u00f3\u00adry mia\u0142\u00adby lep\u00adsz\u0105 pogo\u00add\u0119. Noc\u00adne nie\u00adbo l\u015bni gwiaz\u00adda\u00admi, ale nie ma ksi\u0119\u00ad\u017cy\u00adca \u2013 ide\u00adal\u00adnie do pro\u00adwa\u00addze\u00adnia hor\u00adro\u00adr\u00f3w, alie\u00adn\u00f3w i noc\u00adnych tere\u00adn\u00f3\u00adwek. Za dnia przy\u00adjem\u00adne 20 stop\u00adni i co\u015b. Nie pada, lek\u00adko grze\u00adje i wci\u0105\u017c daje si\u0119 wej\u015b\u0107 do jezio\u00adra. Ide\u00adal\u00adny lipiec mamy tego wrze\u00ad\u015bnia. [&hellip;]","og_url":"https:\/\/retreat.hardkon.pl\/2018\/notatki-z-ucieczki-sroda\/","og_site_name":"Hardkon - 2018 Larpers&#039; Retreat","article_published_time":"2018-09-06T12:51:37+00:00","article_modified_time":"2018-09-06T13:23:20+00:00","og_image":[{"width":1500,"height":1125,"url":"https:\/\/i0.wp.com\/retreat.hardkon.pl\/2018\/wp-content\/uploads\/sites\/7\/2018\/09\/hlr18-nius-\u015broda-06-copy.jpg?fit=1500%2C1125&ssl=1","type":"image\/jpeg"}],"author":"Piotr Milewski","twitter_card":"summary_large_image","twitter_misc":{"Napisane przez":"Piotr Milewski","Szacowany czas czytania":"4 minuty"},"schema":{"@context":"https:\/\/schema.org","@graph":[{"@type":"Article","@id":"https:\/\/retreat.hardkon.pl\/2018\/notatki-z-ucieczki-sroda\/#article","isPartOf":{"@id":"https:\/\/retreat.hardkon.pl\/2018\/notatki-z-ucieczki-sroda\/"},"author":{"name":"Piotr Milewski","@id":"https:\/\/retreat.hardkon.pl\/2018\/#\/schema\/person\/fb601a2c3a7b2e26436b81f350676413"},"headline":"Notatki z ucieczki \u2013&nbsp;\u015broda","datePublished":"2018-09-06T12:51:37+00:00","dateModified":"2018-09-06T13:23:20+00:00","mainEntityOfPage":{"@id":"https:\/\/retreat.hardkon.pl\/2018\/notatki-z-ucieczki-sroda\/"},"wordCount":903,"publisher":{"@id":"https:\/\/retreat.hardkon.pl\/2018\/#organization"},"image":{"@id":"https:\/\/retreat.hardkon.pl\/2018\/notatki-z-ucieczki-sroda\/#primaryimage"},"thumbnailUrl":"https:\/\/retreat.hardkon.pl\/2018\/wp-content\/uploads\/sites\/7\/2018\/09\/hlr18-nius-\u015broda-06-copy.jpg","keywords":["design","do\u015bwiadczenia immersyjne","immersive experience","larp","larpy"],"articleSection":{"1":"News"},"inLanguage":"pl-PL"},{"@type":"WebPage","@id":"https:\/\/retreat.hardkon.pl\/2018\/notatki-z-ucieczki-sroda\/","url":"https:\/\/retreat.hardkon.pl\/2018\/notatki-z-ucieczki-sroda\/","name":"Notatki z ucieczki - \u015broda - Hardkon - 2018 Larpers&#039; Retreat","isPartOf":{"@id":"https:\/\/retreat.hardkon.pl\/2018\/#website"},"primaryImageOfPage":{"@id":"https:\/\/retreat.hardkon.pl\/2018\/notatki-z-ucieczki-sroda\/#primaryimage"},"image":{"@id":"https:\/\/retreat.hardkon.pl\/2018\/notatki-z-ucieczki-sroda\/#primaryimage"},"thumbnailUrl":"https:\/\/retreat.hardkon.pl\/2018\/wp-content\/uploads\/sites\/7\/2018\/09\/hlr18-nius-\u015broda-06-copy.jpg","datePublished":"2018-09-06T12:51:37+00:00","dateModified":"2018-09-06T13:23:20+00:00","breadcrumb":{"@id":"https:\/\/retreat.hardkon.pl\/2018\/notatki-z-ucieczki-sroda\/#breadcrumb"},"inLanguage":"pl-PL","potentialAction":[{"@type":"ReadAction","target":["https:\/\/retreat.hardkon.pl\/2018\/notatki-z-ucieczki-sroda\/"]}]},{"@type":"ImageObject","inLanguage":"pl-PL","@id":"https:\/\/retreat.hardkon.pl\/2018\/notatki-z-ucieczki-sroda\/#primaryimage","url":"https:\/\/retreat.hardkon.pl\/2018\/wp-content\/uploads\/sites\/7\/2018\/09\/hlr18-nius-\u015broda-06-copy.jpg","contentUrl":"https:\/\/retreat.hardkon.pl\/2018\/wp-content\/uploads\/sites\/7\/2018\/09\/hlr18-nius-\u015broda-06-copy.jpg","width":1500,"height":1125},{"@type":"BreadcrumbList","@id":"https:\/\/retreat.hardkon.pl\/2018\/notatki-z-ucieczki-sroda\/#breadcrumb","itemListElement":[{"@type":"ListItem","position":1,"name":"Strona g\u0142\u00f3wna","item":"https:\/\/retreat.hardkon.pl\/2018\/"},{"@type":"ListItem","position":2,"name":"Notatki z ucieczki \u2013&nbsp;\u015broda"}]},{"@type":"WebSite","@id":"https:\/\/retreat.hardkon.pl\/2018\/#website","url":"https:\/\/retreat.hardkon.pl\/2018\/","name":"Hardkon - 2018 Larpers&#039; Retreat","description":"Hardkon Larpers&#039; Retreat edycja 2018","publisher":{"@id":"https:\/\/retreat.hardkon.pl\/2018\/#organization"},"potentialAction":[{"@type":"SearchAction","target":{"@type":"EntryPoint","urlTemplate":"https:\/\/retreat.hardkon.pl\/2018\/?s={search_term_string}"},"query-input":{"@type":"PropertyValueSpecification","valueRequired":true,"valueName":"search_term_string"}}],"inLanguage":"pl-PL"},{"@type":"Organization","@id":"https:\/\/retreat.hardkon.pl\/2018\/#organization","name":"Hardkon - 2018 Larpers&#039; Retreat","url":"https:\/\/retreat.hardkon.pl\/2018\/","logo":{"@type":"ImageObject","inLanguage":"pl-PL","@id":"https:\/\/retreat.hardkon.pl\/2018\/#\/schema\/logo\/image\/","url":"https:\/\/retreat.hardkon.pl\/2018\/wp-content\/uploads\/sites\/7\/2018\/04\/HLG-2018-logo.png","contentUrl":"https:\/\/retreat.hardkon.pl\/2018\/wp-content\/uploads\/sites\/7\/2018\/04\/HLG-2018-logo.png","width":500,"height":60,"caption":"Hardkon - 2018 Larpers&#039; Retreat"},"image":{"@id":"https:\/\/retreat.hardkon.pl\/2018\/#\/schema\/logo\/image\/"}},{"@type":"Person","@id":"https:\/\/retreat.hardkon.pl\/2018\/#\/schema\/person\/fb601a2c3a7b2e26436b81f350676413","name":"Piotr Milewski","image":{"@type":"ImageObject","inLanguage":"pl-PL","@id":"https:\/\/secure.gravatar.com\/avatar\/7579c28254a1e3fb532b305d0ad84619bce4597a5ce0fe0edffd414168a68d0f?s=96&d=mm&r=g","url":"https:\/\/secure.gravatar.com\/avatar\/7579c28254a1e3fb532b305d0ad84619bce4597a5ce0fe0edffd414168a68d0f?s=96&d=mm&r=g","contentUrl":"https:\/\/secure.gravatar.com\/avatar\/7579c28254a1e3fb532b305d0ad84619bce4597a5ce0fe0edffd414168a68d0f?s=96&d=mm&r=g","caption":"Piotr Milewski"},"url":"https:\/\/retreat.hardkon.pl\/2018\/author\/piotrmilewski\/"}]}},"_links":{"self":[{"href":"https:\/\/retreat.hardkon.pl\/2018\/wp-json\/wp\/v2\/posts\/1441","targetHints":{"allow":["GET"]}}],"collection":[{"href":"https:\/\/retreat.hardkon.pl\/2018\/wp-json\/wp\/v2\/posts"}],"about":[{"href":"https:\/\/retreat.hardkon.pl\/2018\/wp-json\/wp\/v2\/types\/post"}],"author":[{"embeddable":true,"href":"https:\/\/retreat.hardkon.pl\/2018\/wp-json\/wp\/v2\/users\/2"}],"replies":[{"embeddable":true,"href":"https:\/\/retreat.hardkon.pl\/2018\/wp-json\/wp\/v2\/comments?post=1441"}],"version-history":[{"count":0,"href":"https:\/\/retreat.hardkon.pl\/2018\/wp-json\/wp\/v2\/posts\/1441\/revisions"}],"wp:featuredmedia":[{"embeddable":true,"href":"https:\/\/retreat.hardkon.pl\/2018\/wp-json\/wp\/v2\/media\/1443"}],"wp:attachment":[{"href":"https:\/\/retreat.hardkon.pl\/2018\/wp-json\/wp\/v2\/media?parent=1441"}],"wp:term":[{"taxonomy":"category","embeddable":true,"href":"https:\/\/retreat.hardkon.pl\/2018\/wp-json\/wp\/v2\/categories?post=1441"},{"taxonomy":"post_tag","embeddable":true,"href":"https:\/\/retreat.hardkon.pl\/2018\/wp-json\/wp\/v2\/tags?post=1441"}],"curies":[{"name":"wp","href":"https:\/\/api.w.org\/{rel}","templated":true}]}}