{"id":1451,"date":"2018-09-08T18:14:08","date_gmt":"2018-09-08T16:14:08","guid":{"rendered":"http:\/\/retreat.hardkon.pl\/2018\/?p=1451"},"modified":"2018-09-08T18:14:08","modified_gmt":"2018-09-08T16:14:08","slug":"notatki-z-ucieczki-piatek-ii","status":"publish","type":"post","link":"https:\/\/retreat.hardkon.pl\/2018\/notatki-z-ucieczki-piatek-ii\/","title":{"rendered":"Notatki z ucieczki \u2013 pi\u0105tek <span class=\"caps\">II<\/span>"},"content":{"rendered":"<p>Pi\u0105\u00adtek, 7 wrze\u00ad\u015bnia \u2013 nie mo\u017cesz by\u0107 przo\u00addow\u00adni\u00adkiem&nbsp;larpu!<\/p>\n<p>Kocha\u00adny dzienniku!<\/p>\n<p>Podob\u00adno idzie jesie\u0144. Tym\u00adcza\u00adsem u nas zro\u00adbi\u00ad\u0142o si\u0119 dzi\u015b bar\u00addzo gor\u0105\u00adco. I to nie tyl\u00adko na ter\u00admo\u00adme\u00adtrze\u2026 Ale po kolei. Jak co dzie\u0144 po \u015bnia\u00adda\u00adniu zasie\u00addli\u00ad\u015bmy wygod\u00adnie pod lip\u0105. Tym razem cz\u0119\u015b\u0107 pre\u00adlek\u00adcyj\u00adn\u0105 otwo\u00adrzy\u00ad\u0142a&nbsp;Ola.<\/p>\n<p><em>Pre\u00adzen\u00adta\u00adcja: Nar\u00adra\u00adto\u00adlo\u00adgia afektywna<\/em><\/p>\n<p>A\u017c do ko\u0144\u00adca <span class=\"caps\">XVIII<\/span> wie\u00adku lite\u00adra\u00adtu\u00adra by\u0142a two\u00adrzo\u00adna my\u015bl\u0105 o podzi\u00adwia\u00adniu pro\u00adta\u00adgo\u00adni\u00adsty. Rewo\u00adlu\u00adcja prze\u00admy\u00ads\u0142o\u00adwa przy\u00adnio\u00ads\u0142a nowe podej\u00ad\u015bcie, kt\u00f3\u00adre jest aktu\u00adal\u00adne do dzi\u015b. Posta\u00adcie lite\u00adrac\u00adkie musz\u0105 wzbu\u00addza\u0107 w czy\u00adtel\u00adni\u00adkach sil\u00adne uczu\u00adcia \u2013 w tym poczu\u00adcie iden\u00adty\u00adfi\u00adka\u00adcji z bohaterem.<br>\nCo wywo\u00ad\u0142u\u00adje identyfikacj\u0119?<\/p>\n<ul>\n<li>wsp\u00f3\u0142\u00adczu\u00adcie \u2013 poczu\u00adcie zwi\u0105z\u00adku z posta\u00adci\u0105, kt\u00f3\u00adra w jaki\u015b spo\u00ads\u00f3b przy\u00adpo\u00admi\u00adnam nam nas samych;<\/li>\n<li>empa\u00adtia \u2013 rozu\u00admie\u00admy co czu\u00adje posta\u0107 w spe\u00adcy\u00adficz\u00adnej sytuacji;<\/li>\n<li>przy\u00adci\u0105\u00adga\u00adnie \u2013 dzie\u00adje si\u0119 tak, gdy posta\u0107 jest dla nas atrak\u00adcyj\u00adna, bli\u00adska nasze\u00admu ide\u00ada\u0142o\u00adwi lub role&nbsp;model.<\/li>\n<\/ul>\n<p>Nast\u0119p\u00adnie Ola om\u00f3\u00adwi\u00ad\u0142a 3 gru\u00adpy narz\u0119\u00addzi s\u0142u\u00ad\u017c\u0105\u00adcych reduk\u00adcji pro\u00adble\u00adm\u00f3w zwi\u0105\u00adza\u00adnych z iden\u00adty\u00adfi\u00adka\u00adcj\u0105 z posta\u00adci\u0105,&nbsp;czyli<\/p>\n<ul>\n<li>trans\u00adfer per\u00adspek\u00adty\u00adwy (na trzech pozio\u00admach: per\u00adcep\u00adcji, inten\u00adcji i \u015bwiatopogl\u0105du);<\/li>\n<li>budo\u00adwa\u00adnie rela\u00adcji afketywnych;<\/li>\n<li>u\u017cy\u00adwa\u00adnie eks\u00adpre\u00adsyw\u00adne\u00adgo j\u0119zy\u00adka i fokalizacji.<\/li>\n<\/ul>\n<p>Obga\u00adda\u00adli\u00ad\u015bmy to jak zwy\u00adkle, w lar\u00adpo\u00adwych kon\u00adtek\u00ad\u015bcie. Ch\u0119t\u00adnym do zg\u0142\u0119\u00adbie\u00adnia tema\u00adtu pole\u00adcam dosko\u00adna\u00ad\u0142e \u017ar\u00f3\u00add\u0142o, jakim jest <a href=\"http:\/\/www.lhn.uni-hamburg.de\/\" target=\"_blank\" rel=\"noopener\"><em>The Living Hand\u00adbo\u00adok of Narratology.<\/em><\/a><\/p>\n<p>W dru\u00adgiej cz\u0119\u00ad\u015bci pre\u00adzen\u00adta\u00adcji Ola opo\u00adwie\u00addzia\u00ad\u0142a nam o sze\u00adro\u00adko zakro\u00adjo\u00adnych bada\u00adniach Patric\u00adka Hoga\u00adna, kt\u00f3\u00adre pod\u00adsu\u00admo\u00adwa\u0142 w ksi\u0105\u017c\u00adce <a href=\"https:\/\/books.google.pl\/books\/about\/Affective_Narratology.html?id=16ndYPzSKBoC&amp;redir_esc=y\" target=\"_blank\" rel=\"noopener\"><em>Affec\u00adti\u00adve Nar\u00adra\u00adto\u00adlo\u00adgy: The Emo\u00adtio\u00adnal Struc\u00adtu\u00adre of Sto\u00adries.<\/em><\/a> W poszu\u00adki\u00adwa\u00adniu uni\u00adwer\u00adsa\u00adli\u00f3w bada\u0142 on opo\u00adwie\u00ad\u015bci, legen\u00addy i mity kul\u00adtur ze wszyst\u00adkich zak\u0105t\u00adk\u00f3w \u015bwia\u00adta. Co mu z tego wysz\u0142o? O czym lubi\u0105 czy\u00adta\u0107 ludzie <em>Wsz\u0119\u00addzie<\/em>? Zasad\u00adni\u00adczo o dw\u00f3ch rze\u00adczach: o sek\u00adsie i w\u0142a\u00addzy. Oka\u00adza\u00ad\u0142o si\u0119, \u017ce na ca\u0142ej pla\u00adne\u00adcie znaj\u00addzie\u00admy dwa typy opowie\u015bci:<\/p>\n<ul>\n<li>roman\u00adtycz\u00adne tragikomedie;<\/li>\n<li>hero\u00adicz\u00adne opo\u00adwie\u00ad\u015bci o bohaterze.<\/li>\n<\/ul>\n<p>Lubi\u00admy te\u017c, nie\u00adza\u00adle\u017c\u00adnie od sze\u00adro\u00adko\u00ad\u015bci geograficznej:<\/p>\n<ul>\n<li>fore\u00adsha\u00addo\u00adwing \u2013 czy\u00adli strzel\u00adby Cze\u00adcho\u00adwa, ome\u00adny i zna\u00adki kt\u00f3\u00adre zapo\u00adwia\u00adda\u00adj\u0105 przy\u00adsz\u0142e zdarzenia;<\/li>\n<li>fabu\u00ad\u0142y koli\u00adste \u2013 opo\u00adwie\u00ad\u015bci, kt\u00f3\u00adre si\u0119 zap\u0119\u00adtla\u00adj\u0105, ko\u0144\u00adcz\u0105 i zaczy\u00adna\u00adj\u0105 podob\u00adn\u0105 sce\u00adn\u0105 lub powro\u00adtem do punk\u00adtu wyj\u015bcia;<\/li>\n<li>inter\u00adtek\u00adstu\u00adal\u00adno\u015b\u0107 \u2013 prze\u00adtwa\u00adrza\u00adnie sta\u00adrych histo\u00adrii, w\u0105t\u00adk\u00f3w i bohater\u00f3w.<\/li>\n<\/ul>\n<p>Do pole\u00adca\u00adjek od Oli dosz\u0142y te\u017c ksi\u0105\u017c\u00adki <a href=\"http:\/\/lubimyczytac.pl\/ksiazka\/113462\/metafory-w-naszym-zyciu\" target=\"_blank\" rel=\"noopener\"><em>Meta\u00adfo\u00adry w naszym \u017cyciu<\/em><\/a> John\u00adso\u00adna i Lakof\u00adfa oraz <a href=\"https:\/\/universitas.com.pl\/produkt\/2744\/Gramatyka-kognitywna-Wprowadzenie\" target=\"_blank\" rel=\"noopener\"><em>Gra\u00adma\u00adty\u00adka kogni\u00adtyw\u00adna<\/em><\/a> Lan\u00adgac\u00adke\u00adra. Kie\u00addy to wszyst\u00adko prze\u00adczy\u00adta\u0107? Na deser tego punk\u00adtu pro\u00adgra\u00admu dosta\u00adli\u00ad\u015bmy san\u00adskryc\u00adkie teo\u00adrie kom\u00adpo\u00adno\u00adwa\u00adnia fabu\u0142y.<\/p>\n<p>Po Oli flip\u00adchart i pisa\u00adki prze\u00adj\u0105\u0142&nbsp;Mocho.<\/p>\n<p><em>Pre\u00adzen\u00adta\u00adcja: Prze\u00adsu\u00adni\u0119\u00adcie deik\u00adtycz\u00adne \u2013 czy\u00adta\u00adnie vs. larpowanie<\/em><\/p>\n<p>O osi deik\u00adtycz\u00adnej Mocho opo\u00adwia\u00adda\u0142 nam ju\u017c rok temu i nawet poczy\u00adni\u0142 z tego <a href=\"https:\/\/retreat.hardkon.pl\/2017\/notatki-ucieczki-piatek-2\/\" target=\"_blank\" rel=\"noopener\">osob\u00adny wpis na blo\u00adgu<\/a>. Szcze\u00adrze przy\u00adzna\u00adj\u0119, rok temu nie kli\u00adk\u0142o mi to w g\u0142o\u00adwie. A w tym roku (mo\u017ce to dzi\u0119\u00adki du\u017cej ilo\u00ad\u015bci \u015bwie\u00ad\u017ce\u00adgo luftu) \u2013 wyj\u0105t\u00adko\u00adwo tak. Nie\u00adste\u00adty, w chil\u00adlo\u00aduto\u00adwym nastro\u00adju tw\u00f3r\u00adczej swo\u00adbo\u00addy, gdzie naprze\u00adciw\u00adko mnie Sha\u00adman raczy si\u0119 obia\u00addem, a resz\u00adta eki\u00adpy wal\u00adczy z plan\u00adsz\u00f3w\u00adk\u0105, nomen-omen <em>Unlock: wiel\u00adka uciecz\u00adka<\/em> \u2013 nie jestem w sta\u00adnie tego zgrab\u00adnie opi\u00adsa\u0107. Odsy\u00ad\u0142am wi\u0119c do wpi\u00adsu z zesz\u0142e\u00adgo&nbsp;roku.<br>\nAle! Z tego co napi\u00adsa\u00ad\u0142em wyni\u00adka, \u017ce by\u0142a to czy\u00adsta powt\u00f3r\u00adka. Ot\u00f3\u017c nie. W tym roku Micha\u0142 roz\u00adbu\u00addo\u00adwa\u0142 j\u0105 o du\u017cy wst\u0119p&nbsp;o:<\/p>\n<ul>\n<li>afek\u00adtach (kt\u00f3\u00adre s\u0105 auto\u00adma\u00adtycz\u00adne i wyni\u00adka\u00adj\u0105 z naszej biologii)<\/li>\n<\/ul>\n<p style=\"text-align: center\">i<\/p>\n<ul>\n<li>emo\u00adcje (kt\u00f3\u00adre s\u0105 w du\u017cej mie\u00adrze wyuczo\u00adne i wyma\u00adga\u00adj\u0105 kon\u00adtek\u00adstu spo\u0142ecznego).<\/li>\n<\/ul>\n<p>Prze\u00adga\u00adda\u00adli\u00ad\u015bmy temat dok\u0142ad\u00adnie i \u2013 z cze\u00adgo wte\u00addy nikt nie zda\u00adwa\u0142 sobie spra\u00adwy \u2013 bar\u00addzo przy\u00adda\u00ad\u0142o nam si\u0119 do wie\u00adczor\u00adnej debaty.<br>\nWra\u00adca\u00adj\u0105c \u2013 co mi klik\u0142o?<br>\nMia\u00adno\u00adwi\u00adcie to, \u017ce to prze\u00adsu\u00adni\u0119\u00adcie p\u00f3l deik\u00adtycz\u00adnych, na\u0142o\u00ad\u017co\u00adne na model <a href=\"http:\/\/www.gamasutra.com\/blogs\/WolfgangWalk\/20151111\/259078\/From_MDA_to_DDE.php\" target=\"_blank\" rel=\"noopener\"><span class=\"caps\">DDE<\/span><\/a> pozwa\u00adla mi zro\u00adzu\u00admie\u0107 kie\u00addy i dla\u00adcze\u00adgo grze zagra\u00ad\u017ca emmer\u00adsja, albo ist\u00adnie\u00adje poten\u00adcja\u0142 do epi\u00adfa\u00adnii. Podw\u00f3j\u00adne pole deik\u00adtycz\u00adne ist\u00adnie\u00adje tam, gdzie dzia\u00adla&nbsp;<em>subject-player<\/em>. Roz\u00admy\u00adwa si\u0119 i zapa\u00adda do jed\u00adne\u00adgo przy prze\u00adsu\u00adni\u0119\u00adciu do do\u015bwiad\u00adcze\u00adnia (epi\u00adfa\u00adnia) lub desi\u00adgnu (emmer\u00adsja).<\/p>\n<p>Ostat\u00adnim punk\u00adtem pro\u00adgra\u00admu, po zaku\u00adpach, k\u0105pie\u00adli, goto\u00adwa\u00adniu obia\u00add\u00f3w&nbsp;by\u0142a<\/p>\n<p><em>Deba\u00adta: typo\u00adlo\u00adgia cel\u00f3w w larpach<\/em><\/p>\n<p>Bar\u00addzo zale\u00ad\u017ca\u00ad\u0142o mi na roz\u00admo\u00adwie na ten temat tu i z tymi lud\u017a\u00admi. My\u015bl\u0105c o tym w domu utkn\u0105\u00ad\u0142em \u2013 cze\u00adgo dowo\u00addem jest <a href=\"https:\/\/retreat.hardkon.pl\/2018\/idz-sobie-gns\/\" target=\"_blank\" rel=\"noopener\"><span class=\"caps\">TEN<\/span> <span class=\"caps\">ARTYKU\u0141<\/span><\/a>. Prze\u00adka\u00adza\u00ad\u0142em uciecz\u00adko\u00adwi\u00adczom wyni\u00adki naszej (mojej i Piotr\u00adka) pra\u00adcy i zapa\u00add\u0142o sakra\u00admen\u00adtal\u00adne pyta\u00adnie: co wy na&nbsp;to?<br>\nPo raz pierw\u00adszy weszli\u00ad\u015bmy na obro\u00adty zna\u00adne z zesz\u0142o\u00adrocz\u00adnej uciecz\u00adki, kie\u00addy uda\u00ad\u0142o nam si\u0119 posk\u0142a\u00adda\u0107 nasza typo\u00adlo\u00adgi\u0119 lar\u00adp\u00f3w. Zasta\u00ad\u0142a nas ciem\u00adna noc, flip\u00adchart o\u015bwie\u00adtla\u00adli\u00ad\u015bmy tele\u00adfo\u00adna\u00admi&nbsp;ale<br>\n<span class=\"caps\">MAMY<\/span>&nbsp;<span class=\"caps\">TO<\/span>!<br>\nPod\u00adsta\u00adwy naszej w\u0142a\u00adsnej typo\u00adlo\u00adgii cel\u00f3w lar\u00adp\u00f3w \u2013 \u0142atwej, jasnej, czy\u00adtel\u00adnej i zro\u00adzu\u00admia\u00ad\u0142ej. Robo\u00adczo nazwa\u00adli\u00ad\u015bmy j\u0105 <span class=\"caps\">POU<\/span>: Prze\u00ad\u017cyj, Ode\u00adgraj, Ugraj. Wi\u0119\u00adcej opi\u00adsze\u00admy o niej za jaki\u015b czas \u2013 we wrze\u00ad\u015bniu cze\u00adka mnie jesz\u00adcze 8 podr\u00f3\u00ad\u017cy s\u0142u\u017c\u00adbo\u00adwych do r\u00f3\u017c\u00adnych miast w Pol\u00adsce, obsta\u00adwiam wi\u0119c \u017ce jej szer\u00adszy opis zro\u00addzi si\u0119 w wago\u00adnie&nbsp;<span class=\"caps\">PKP<\/span>.<\/p>\n<p style=\"text-align: center\"><em>Tro\u00adch\u0119 pry\u00adwa\u00adty \u2013 dzi\u0119\u00adku\u00adj\u0119, \u017ce tu przy\u00adje\u017c\u00add\u017ca\u00adcie. Od 4 lat ten jeden tydzie\u0144 w roku pozwa\u00adla mi zna\u00adle\u017a\u0107 ener\u00adgi\u0119 i si\u0142\u0119 do dzia\u00ad\u0142a\u00adnia, otwie\u00adra mi g\u0142o\u00adw\u0119 i spra\u00adwia, \u017ce lar\u00adpy wci\u0105\u017c s\u0105 moj\u0105 pasj\u0105, a nie tyl\u00adko pra\u00adc\u0105. Takie wie\u00adczo\u00adry jak dzi\u015b pozwa\u00adla\u00adj\u0105 wznie\u015b\u0107 si\u0119 wy\u017cej, spoj\u00adrze\u0107 dalej i dostrzec, jak wie\u00adle jest jesz\u00adcze do odkry\u00adcia. Nie da si\u0119 tego zro\u00adbi\u0107 samemu.<\/em><\/p>\n<p>Wie\u00adczo\u00adrem \u2013 ogni\u00adsko, kie\u0142\u00adba\u00adski, ma\u0142o\u00adsol\u00adne og\u00f3r\u00adki, wino, cydr i nalew\u00adki Micha\u00ad\u0142a. Sta\u00adra eki\u00adpa zanu\u00addza\u00ad\u0142a m\u0142o\u00add\u0105 opo\u00adwie\u00ad\u015bcia\u00admi o ko\u0144\u00adc\u00f3w\u00adce <span class=\"caps\">XX<\/span> wie\u00adku. Ogie\u0144 p\u0142o\u00adn\u0105\u0142, gwiaz\u00addy l\u015bni\u00ad\u0142y, czas przez chwi\u00adl\u0119 sta\u0142 w miejscu.<br>\nAlbo po pro\u00adstu by\u0142 gdzie indziej.<\/p>\n","protected":false},"excerpt":{"rendered":"<p>Pi\u0105\u00adtek, 7 wrze\u00ad\u015bnia \u2013 nie mo\u017cesz by\u0107 przo\u00addow\u00adni\u00adkiem&nbsp;lar\u00adpu! Kocha\u00adny dzien\u00adni\u00adku! Podob\u00adno idzie jesie\u0144. Tym\u00adcza\u00adsem u nas zro\u00adbi\u00ad\u0142o si\u0119 dzi\u015b bar\u00addzo gor\u0105\u00adco. I to nie tyl\u00adko na ter\u00admo\u00adme\u00adtrze\u2026 Ale po kolei. Jak co dzie\u0144 po \u015bnia\u00adda\u00adniu zasie\u00addli\u00ad\u015bmy wygod\u00adnie pod lip\u0105. Tym razem cz\u0119\u015b\u0107 pre\u00adlek\u00adcyj\u00adn\u0105 otwo\u00adrzy\u00ad\u0142a&nbsp;Ola. Pre\u00adzen\u00adta\u00adcja: Nar\u00adra\u00adto\u00adlo\u00adgia afek\u00adtyw\u00adna A\u017c do ko\u0144\u00adca <span class=\"caps\">XVIII<\/span> wie\u00adku lite\u00adra\u00adtu\u00adra by\u0142a tworzona&nbsp;[\u2026]<\/p>\n","protected":false},"author":2,"featured_media":1453,"comment_status":"closed","ping_status":"open","sticky":false,"template":"","format":"standard","meta":{"wp_typography_post_enhancements_disabled":false,"_monsterinsights_skip_tracking":false,"_monsterinsights_sitenote_active":false,"_monsterinsights_sitenote_note":"","_monsterinsights_sitenote_category":0,"footnotes":""},"categories":[10],"tags":[19,17,45,172,173,174],"class_list":["post-1451","post","type-post","status-publish","format-standard","has-post-thumbnail","hentry","category-news","tag-design","tag-larp","tag-larpy","tag-narratologia-afektywna","tag-os-deiktyczna","tag-typologia-celow"],"yoast_head":"<!-- This site is optimized with the Yoast SEO plugin v27.2 - https:\/\/yoast.com\/product\/yoast-seo-wordpress\/ -->\n<title>Notatki z ucieczki - pi\u0105tek II - Hardkon - 2018 Larpers&#039; Retreat<\/title>\n<meta name=\"robots\" content=\"index, follow, max-snippet:-1, max-image-preview:large, max-video-preview:-1\" \/>\n<link rel=\"canonical\" href=\"https:\/\/retreat.hardkon.pl\/2018\/notatki-z-ucieczki-piatek-ii\/\" \/>\n<meta property=\"og:locale\" content=\"pl_PL\" \/>\n<meta property=\"og:type\" content=\"article\" \/>\n<meta property=\"og:title\" content=\"Notatki z ucieczki - pi\u0105tek II - Hardkon - 2018 Larpers&#039; Retreat\" \/>\n<meta property=\"og:description\" content=\"Pi\u0105\u00adtek, 7 wrze\u00ad\u015bnia \u2013 nie mo\u017cesz by\u0107 przo\u00addow\u00adni\u00adkiem&nbsp;larpu! Kocha\u00adny dzienniku! Podob\u00adno idzie jesie\u0144. Tym\u00adcza\u00adsem u nas zro\u00adbi\u00ad\u0142o si\u0119 dzi\u015b bar\u00addzo gor\u0105\u00adco. I to nie tyl\u00adko na ter\u00admo\u00adme\u00adtrze\u2026 Ale po kolei. Jak co dzie\u0144 po \u015bnia\u00adda\u00adniu zasie\u00addli\u00ad\u015bmy wygod\u00adnie pod lip\u0105. Tym razem cz\u0119\u015b\u0107 pre\u00adlek\u00adcyj\u00adn\u0105 otwo\u00adrzy\u00ad\u0142a&nbsp;Ola. Pre\u00adzen\u00adta\u00adcja: Nar\u00adra\u00adto\u00adlo\u00adgia afektywna A\u017c do ko\u0144\u00adca XVIII wie\u00adku lite\u00adra\u00adtu\u00adra by\u0142a two\u00adrzo\u00adna [&hellip;]\" \/>\n<meta property=\"og:url\" content=\"https:\/\/retreat.hardkon.pl\/2018\/notatki-z-ucieczki-piatek-ii\/\" \/>\n<meta property=\"og:site_name\" content=\"Hardkon - 2018 Larpers&#039; Retreat\" \/>\n<meta property=\"article:published_time\" content=\"2018-09-08T16:14:08+00:00\" \/>\n<meta property=\"og:image\" content=\"https:\/\/i0.wp.com\/retreat.hardkon.pl\/2018\/wp-content\/uploads\/sites\/7\/2018\/09\/hlr18-nius-czwartek-08.jpg?fit=1500%2C1125&ssl=1\" \/>\n\t<meta property=\"og:image:width\" content=\"1500\" \/>\n\t<meta property=\"og:image:height\" content=\"1125\" \/>\n\t<meta property=\"og:image:type\" content=\"image\/jpeg\" \/>\n<meta name=\"author\" content=\"Piotr Milewski\" \/>\n<meta name=\"twitter:card\" content=\"summary_large_image\" \/>\n<meta name=\"twitter:label1\" content=\"Napisane przez\" \/>\n\t<meta name=\"twitter:data1\" content=\"Piotr Milewski\" \/>\n\t<meta name=\"twitter:label2\" content=\"Szacowany czas czytania\" \/>\n\t<meta name=\"twitter:data2\" content=\"5 minut\" \/>\n<script type=\"application\/ld+json\" class=\"yoast-schema-graph\">{\"@context\":\"https:\/\/schema.org\",\"@graph\":[{\"@type\":\"Article\",\"@id\":\"https:\/\/retreat.hardkon.pl\/2018\/notatki-z-ucieczki-piatek-ii\/#article\",\"isPartOf\":{\"@id\":\"https:\/\/retreat.hardkon.pl\/2018\/notatki-z-ucieczki-piatek-ii\/\"},\"author\":{\"name\":\"Piotr Milewski\",\"@id\":\"https:\/\/retreat.hardkon.pl\/2018\/#\/schema\/person\/fb601a2c3a7b2e26436b81f350676413\"},\"headline\":\"Notatki z ucieczki \u2013 pi\u0105tek II\",\"datePublished\":\"2018-09-08T16:14:08+00:00\",\"mainEntityOfPage\":{\"@id\":\"https:\/\/retreat.hardkon.pl\/2018\/notatki-z-ucieczki-piatek-ii\/\"},\"wordCount\":934,\"publisher\":{\"@id\":\"https:\/\/retreat.hardkon.pl\/2018\/#organization\"},\"image\":{\"@id\":\"https:\/\/retreat.hardkon.pl\/2018\/notatki-z-ucieczki-piatek-ii\/#primaryimage\"},\"thumbnailUrl\":\"https:\/\/retreat.hardkon.pl\/2018\/wp-content\/uploads\/sites\/7\/2018\/09\/hlr18-nius-czwartek-08.jpg\",\"keywords\":[\"design\",\"larp\",\"larpy\",\"narratologia afektywna\",\"o\u015b deiktyczna\",\"typologia cel\u00f3w\"],\"articleSection\":[\"News\"],\"inLanguage\":\"pl-PL\"},{\"@type\":\"WebPage\",\"@id\":\"https:\/\/retreat.hardkon.pl\/2018\/notatki-z-ucieczki-piatek-ii\/\",\"url\":\"https:\/\/retreat.hardkon.pl\/2018\/notatki-z-ucieczki-piatek-ii\/\",\"name\":\"Notatki z ucieczki - pi\u0105tek II - Hardkon - 2018 Larpers&#039; Retreat\",\"isPartOf\":{\"@id\":\"https:\/\/retreat.hardkon.pl\/2018\/#website\"},\"primaryImageOfPage\":{\"@id\":\"https:\/\/retreat.hardkon.pl\/2018\/notatki-z-ucieczki-piatek-ii\/#primaryimage\"},\"image\":{\"@id\":\"https:\/\/retreat.hardkon.pl\/2018\/notatki-z-ucieczki-piatek-ii\/#primaryimage\"},\"thumbnailUrl\":\"https:\/\/retreat.hardkon.pl\/2018\/wp-content\/uploads\/sites\/7\/2018\/09\/hlr18-nius-czwartek-08.jpg\",\"datePublished\":\"2018-09-08T16:14:08+00:00\",\"breadcrumb\":{\"@id\":\"https:\/\/retreat.hardkon.pl\/2018\/notatki-z-ucieczki-piatek-ii\/#breadcrumb\"},\"inLanguage\":\"pl-PL\",\"potentialAction\":[{\"@type\":\"ReadAction\",\"target\":[\"https:\/\/retreat.hardkon.pl\/2018\/notatki-z-ucieczki-piatek-ii\/\"]}]},{\"@type\":\"ImageObject\",\"inLanguage\":\"pl-PL\",\"@id\":\"https:\/\/retreat.hardkon.pl\/2018\/notatki-z-ucieczki-piatek-ii\/#primaryimage\",\"url\":\"https:\/\/retreat.hardkon.pl\/2018\/wp-content\/uploads\/sites\/7\/2018\/09\/hlr18-nius-czwartek-08.jpg\",\"contentUrl\":\"https:\/\/retreat.hardkon.pl\/2018\/wp-content\/uploads\/sites\/7\/2018\/09\/hlr18-nius-czwartek-08.jpg\",\"width\":1500,\"height\":1125},{\"@type\":\"BreadcrumbList\",\"@id\":\"https:\/\/retreat.hardkon.pl\/2018\/notatki-z-ucieczki-piatek-ii\/#breadcrumb\",\"itemListElement\":[{\"@type\":\"ListItem\",\"position\":1,\"name\":\"Strona g\u0142\u00f3wna\",\"item\":\"https:\/\/retreat.hardkon.pl\/2018\/\"},{\"@type\":\"ListItem\",\"position\":2,\"name\":\"Notatki z ucieczki \u2013 pi\u0105tek II\"}]},{\"@type\":\"WebSite\",\"@id\":\"https:\/\/retreat.hardkon.pl\/2018\/#website\",\"url\":\"https:\/\/retreat.hardkon.pl\/2018\/\",\"name\":\"Hardkon - 2018 Larpers&#039; Retreat\",\"description\":\"Hardkon Larpers&#039; Retreat edycja 2018\",\"publisher\":{\"@id\":\"https:\/\/retreat.hardkon.pl\/2018\/#organization\"},\"potentialAction\":[{\"@type\":\"SearchAction\",\"target\":{\"@type\":\"EntryPoint\",\"urlTemplate\":\"https:\/\/retreat.hardkon.pl\/2018\/?s={search_term_string}\"},\"query-input\":{\"@type\":\"PropertyValueSpecification\",\"valueRequired\":true,\"valueName\":\"search_term_string\"}}],\"inLanguage\":\"pl-PL\"},{\"@type\":\"Organization\",\"@id\":\"https:\/\/retreat.hardkon.pl\/2018\/#organization\",\"name\":\"Hardkon - 2018 Larpers&#039; Retreat\",\"url\":\"https:\/\/retreat.hardkon.pl\/2018\/\",\"logo\":{\"@type\":\"ImageObject\",\"inLanguage\":\"pl-PL\",\"@id\":\"https:\/\/retreat.hardkon.pl\/2018\/#\/schema\/logo\/image\/\",\"url\":\"https:\/\/retreat.hardkon.pl\/2018\/wp-content\/uploads\/sites\/7\/2018\/04\/HLG-2018-logo.png\",\"contentUrl\":\"https:\/\/retreat.hardkon.pl\/2018\/wp-content\/uploads\/sites\/7\/2018\/04\/HLG-2018-logo.png\",\"width\":500,\"height\":60,\"caption\":\"Hardkon - 2018 Larpers&#039; Retreat\"},\"image\":{\"@id\":\"https:\/\/retreat.hardkon.pl\/2018\/#\/schema\/logo\/image\/\"}},{\"@type\":\"Person\",\"@id\":\"https:\/\/retreat.hardkon.pl\/2018\/#\/schema\/person\/fb601a2c3a7b2e26436b81f350676413\",\"name\":\"Piotr Milewski\",\"image\":{\"@type\":\"ImageObject\",\"inLanguage\":\"pl-PL\",\"@id\":\"https:\/\/secure.gravatar.com\/avatar\/7579c28254a1e3fb532b305d0ad84619bce4597a5ce0fe0edffd414168a68d0f?s=96&d=mm&r=g\",\"url\":\"https:\/\/secure.gravatar.com\/avatar\/7579c28254a1e3fb532b305d0ad84619bce4597a5ce0fe0edffd414168a68d0f?s=96&d=mm&r=g\",\"contentUrl\":\"https:\/\/secure.gravatar.com\/avatar\/7579c28254a1e3fb532b305d0ad84619bce4597a5ce0fe0edffd414168a68d0f?s=96&d=mm&r=g\",\"caption\":\"Piotr Milewski\"},\"url\":\"https:\/\/retreat.hardkon.pl\/2018\/author\/piotrmilewski\/\"}]}<\/script>\n<!-- \/ Yoast SEO plugin. -->","yoast_head_json":{"title":"Notatki z ucieczki - pi\u0105tek II - Hardkon - 2018 Larpers&#039; Retreat","robots":{"index":"index","follow":"follow","max-snippet":"max-snippet:-1","max-image-preview":"max-image-preview:large","max-video-preview":"max-video-preview:-1"},"canonical":"https:\/\/retreat.hardkon.pl\/2018\/notatki-z-ucieczki-piatek-ii\/","og_locale":"pl_PL","og_type":"article","og_title":"Notatki z ucieczki - pi\u0105tek II - Hardkon - 2018 Larpers&#039; Retreat","og_description":"Pi\u0105\u00adtek, 7 wrze\u00ad\u015bnia \u2013 nie mo\u017cesz by\u0107 przo\u00addow\u00adni\u00adkiem&nbsp;larpu! Kocha\u00adny dzienniku! Podob\u00adno idzie jesie\u0144. Tym\u00adcza\u00adsem u nas zro\u00adbi\u00ad\u0142o si\u0119 dzi\u015b bar\u00addzo gor\u0105\u00adco. I to nie tyl\u00adko na ter\u00admo\u00adme\u00adtrze\u2026 Ale po kolei. Jak co dzie\u0144 po \u015bnia\u00adda\u00adniu zasie\u00addli\u00ad\u015bmy wygod\u00adnie pod lip\u0105. Tym razem cz\u0119\u015b\u0107 pre\u00adlek\u00adcyj\u00adn\u0105 otwo\u00adrzy\u00ad\u0142a&nbsp;Ola. Pre\u00adzen\u00adta\u00adcja: Nar\u00adra\u00adto\u00adlo\u00adgia afektywna A\u017c do ko\u0144\u00adca XVIII wie\u00adku lite\u00adra\u00adtu\u00adra by\u0142a two\u00adrzo\u00adna [&hellip;]","og_url":"https:\/\/retreat.hardkon.pl\/2018\/notatki-z-ucieczki-piatek-ii\/","og_site_name":"Hardkon - 2018 Larpers&#039; Retreat","article_published_time":"2018-09-08T16:14:08+00:00","og_image":[{"width":1500,"height":1125,"url":"https:\/\/i0.wp.com\/retreat.hardkon.pl\/2018\/wp-content\/uploads\/sites\/7\/2018\/09\/hlr18-nius-czwartek-08.jpg?fit=1500%2C1125&ssl=1","type":"image\/jpeg"}],"author":"Piotr Milewski","twitter_card":"summary_large_image","twitter_misc":{"Napisane przez":"Piotr Milewski","Szacowany czas czytania":"5 minut"},"schema":{"@context":"https:\/\/schema.org","@graph":[{"@type":"Article","@id":"https:\/\/retreat.hardkon.pl\/2018\/notatki-z-ucieczki-piatek-ii\/#article","isPartOf":{"@id":"https:\/\/retreat.hardkon.pl\/2018\/notatki-z-ucieczki-piatek-ii\/"},"author":{"name":"Piotr Milewski","@id":"https:\/\/retreat.hardkon.pl\/2018\/#\/schema\/person\/fb601a2c3a7b2e26436b81f350676413"},"headline":"Notatki z ucieczki \u2013 pi\u0105tek II","datePublished":"2018-09-08T16:14:08+00:00","mainEntityOfPage":{"@id":"https:\/\/retreat.hardkon.pl\/2018\/notatki-z-ucieczki-piatek-ii\/"},"wordCount":934,"publisher":{"@id":"https:\/\/retreat.hardkon.pl\/2018\/#organization"},"image":{"@id":"https:\/\/retreat.hardkon.pl\/2018\/notatki-z-ucieczki-piatek-ii\/#primaryimage"},"thumbnailUrl":"https:\/\/retreat.hardkon.pl\/2018\/wp-content\/uploads\/sites\/7\/2018\/09\/hlr18-nius-czwartek-08.jpg","keywords":["design","larp","larpy","narratologia afektywna","o\u015b deiktyczna","typologia cel\u00f3w"],"articleSection":["News"],"inLanguage":"pl-PL"},{"@type":"WebPage","@id":"https:\/\/retreat.hardkon.pl\/2018\/notatki-z-ucieczki-piatek-ii\/","url":"https:\/\/retreat.hardkon.pl\/2018\/notatki-z-ucieczki-piatek-ii\/","name":"Notatki z ucieczki - pi\u0105tek II - Hardkon - 2018 Larpers&#039; Retreat","isPartOf":{"@id":"https:\/\/retreat.hardkon.pl\/2018\/#website"},"primaryImageOfPage":{"@id":"https:\/\/retreat.hardkon.pl\/2018\/notatki-z-ucieczki-piatek-ii\/#primaryimage"},"image":{"@id":"https:\/\/retreat.hardkon.pl\/2018\/notatki-z-ucieczki-piatek-ii\/#primaryimage"},"thumbnailUrl":"https:\/\/retreat.hardkon.pl\/2018\/wp-content\/uploads\/sites\/7\/2018\/09\/hlr18-nius-czwartek-08.jpg","datePublished":"2018-09-08T16:14:08+00:00","breadcrumb":{"@id":"https:\/\/retreat.hardkon.pl\/2018\/notatki-z-ucieczki-piatek-ii\/#breadcrumb"},"inLanguage":"pl-PL","potentialAction":[{"@type":"ReadAction","target":["https:\/\/retreat.hardkon.pl\/2018\/notatki-z-ucieczki-piatek-ii\/"]}]},{"@type":"ImageObject","inLanguage":"pl-PL","@id":"https:\/\/retreat.hardkon.pl\/2018\/notatki-z-ucieczki-piatek-ii\/#primaryimage","url":"https:\/\/retreat.hardkon.pl\/2018\/wp-content\/uploads\/sites\/7\/2018\/09\/hlr18-nius-czwartek-08.jpg","contentUrl":"https:\/\/retreat.hardkon.pl\/2018\/wp-content\/uploads\/sites\/7\/2018\/09\/hlr18-nius-czwartek-08.jpg","width":1500,"height":1125},{"@type":"BreadcrumbList","@id":"https:\/\/retreat.hardkon.pl\/2018\/notatki-z-ucieczki-piatek-ii\/#breadcrumb","itemListElement":[{"@type":"ListItem","position":1,"name":"Strona g\u0142\u00f3wna","item":"https:\/\/retreat.hardkon.pl\/2018\/"},{"@type":"ListItem","position":2,"name":"Notatki z ucieczki \u2013 pi\u0105tek II"}]},{"@type":"WebSite","@id":"https:\/\/retreat.hardkon.pl\/2018\/#website","url":"https:\/\/retreat.hardkon.pl\/2018\/","name":"Hardkon - 2018 Larpers&#039; Retreat","description":"Hardkon Larpers&#039; Retreat edycja 2018","publisher":{"@id":"https:\/\/retreat.hardkon.pl\/2018\/#organization"},"potentialAction":[{"@type":"SearchAction","target":{"@type":"EntryPoint","urlTemplate":"https:\/\/retreat.hardkon.pl\/2018\/?s={search_term_string}"},"query-input":{"@type":"PropertyValueSpecification","valueRequired":true,"valueName":"search_term_string"}}],"inLanguage":"pl-PL"},{"@type":"Organization","@id":"https:\/\/retreat.hardkon.pl\/2018\/#organization","name":"Hardkon - 2018 Larpers&#039; Retreat","url":"https:\/\/retreat.hardkon.pl\/2018\/","logo":{"@type":"ImageObject","inLanguage":"pl-PL","@id":"https:\/\/retreat.hardkon.pl\/2018\/#\/schema\/logo\/image\/","url":"https:\/\/retreat.hardkon.pl\/2018\/wp-content\/uploads\/sites\/7\/2018\/04\/HLG-2018-logo.png","contentUrl":"https:\/\/retreat.hardkon.pl\/2018\/wp-content\/uploads\/sites\/7\/2018\/04\/HLG-2018-logo.png","width":500,"height":60,"caption":"Hardkon - 2018 Larpers&#039; Retreat"},"image":{"@id":"https:\/\/retreat.hardkon.pl\/2018\/#\/schema\/logo\/image\/"}},{"@type":"Person","@id":"https:\/\/retreat.hardkon.pl\/2018\/#\/schema\/person\/fb601a2c3a7b2e26436b81f350676413","name":"Piotr Milewski","image":{"@type":"ImageObject","inLanguage":"pl-PL","@id":"https:\/\/secure.gravatar.com\/avatar\/7579c28254a1e3fb532b305d0ad84619bce4597a5ce0fe0edffd414168a68d0f?s=96&d=mm&r=g","url":"https:\/\/secure.gravatar.com\/avatar\/7579c28254a1e3fb532b305d0ad84619bce4597a5ce0fe0edffd414168a68d0f?s=96&d=mm&r=g","contentUrl":"https:\/\/secure.gravatar.com\/avatar\/7579c28254a1e3fb532b305d0ad84619bce4597a5ce0fe0edffd414168a68d0f?s=96&d=mm&r=g","caption":"Piotr Milewski"},"url":"https:\/\/retreat.hardkon.pl\/2018\/author\/piotrmilewski\/"}]}},"_links":{"self":[{"href":"https:\/\/retreat.hardkon.pl\/2018\/wp-json\/wp\/v2\/posts\/1451","targetHints":{"allow":["GET"]}}],"collection":[{"href":"https:\/\/retreat.hardkon.pl\/2018\/wp-json\/wp\/v2\/posts"}],"about":[{"href":"https:\/\/retreat.hardkon.pl\/2018\/wp-json\/wp\/v2\/types\/post"}],"author":[{"embeddable":true,"href":"https:\/\/retreat.hardkon.pl\/2018\/wp-json\/wp\/v2\/users\/2"}],"replies":[{"embeddable":true,"href":"https:\/\/retreat.hardkon.pl\/2018\/wp-json\/wp\/v2\/comments?post=1451"}],"version-history":[{"count":0,"href":"https:\/\/retreat.hardkon.pl\/2018\/wp-json\/wp\/v2\/posts\/1451\/revisions"}],"wp:featuredmedia":[{"embeddable":true,"href":"https:\/\/retreat.hardkon.pl\/2018\/wp-json\/wp\/v2\/media\/1453"}],"wp:attachment":[{"href":"https:\/\/retreat.hardkon.pl\/2018\/wp-json\/wp\/v2\/media?parent=1451"}],"wp:term":[{"taxonomy":"category","embeddable":true,"href":"https:\/\/retreat.hardkon.pl\/2018\/wp-json\/wp\/v2\/categories?post=1451"},{"taxonomy":"post_tag","embeddable":true,"href":"https:\/\/retreat.hardkon.pl\/2018\/wp-json\/wp\/v2\/tags?post=1451"}],"curies":[{"name":"wp","href":"https:\/\/api.w.org\/{rel}","templated":true}]}}