{"id":1754,"date":"2020-09-01T20:00:57","date_gmt":"2020-09-01T18:00:57","guid":{"rendered":"https:\/\/retreat.hardkon.pl\/2021\/?p=1754"},"modified":"2020-09-03T00:32:46","modified_gmt":"2020-09-02T22:32:46","slug":"notatki-z-ucieczki-niedziela-3","status":"publish","type":"post","link":"https:\/\/retreat.hardkon.pl\/2021\/notatki-z-ucieczki-niedziela-3\/","title":{"rendered":"Notatki z ucieczki \u2013 niedziela"},"content":{"rendered":"\n<p>Nie\u00addzie\u00adla, 30 sierpnia.<\/p>\n\n\n\n<p>Kocha\u00adny Dzienniku!<\/p>\n\n\n\n<p>B\u0119d\u0119 pro\u00adwa\u00addzi\u0107 notat\u00adki po raz sz\u00f3\u00adsty. Tym razem nasza uciecz\u00adka jest na p\u00f3\u0142-spontanie. Na p\u00f3\u0142, bo ze wzgl\u0119\u00addu na pan\u00adde\u00admi\u0119 infor\u00admo\u00adwa\u00adli\u00ad\u015bmy o niej w nie\u00adwiel\u00adkim zakre\u00adsie. Na p\u00f3\u0142, bo jeste\u00ad\u015bmy na Ala\u00adsce ju\u017c od tygo\u00addnia \u2013 tego\u00adrocz\u00adn\u0105 uciecz\u00adk\u0119 poprze\u00addza\u0142 tydzie\u0144 lar\u00adpo\u00adwa\u00adnia pod szyl\u00addem Black\u00adBox Sum\u00admer Week. Na szcz\u0119\u00ad\u015bcie \u2013 jeste\u00ad\u015bmy tu zn\u00f3w, w kame\u00adral\u00adnym gro\u00adnie os\u00f3b zain\u00adte\u00adre\u00adso\u00adwa\u00adnych lar\u00adpo\u00adwym know-how by pisa\u0107 gry. Rytm dnia mamy ju\u017c usta\u00adlo\u00adny od kil\u00adku lat, wi\u0119c z \u0142atwo\u00ad\u015bci\u0105 weszli\u00ad\u015bmy w zna\u00adn\u0105 nam mozai\u00adk\u0119 wyk\u0142a\u00add\u00f3w \/ dys\u00adku\u00adsji i sesji kreatywnych.<\/p>\n\n\n\n<h2 class=\"wp-block-heading\">Dyskusja. 2020: State of Design.<\/h2>\n\n\n\n<p>To mia\u0142 by\u0107 pi\u0119k\u00adny rok. Mn\u00f3\u00adstwo pla\u00adn\u00f3w, pomy\u00ads\u0142\u00f3w, pro\u00adjek\u00adt\u00f3w i nowych imprez. Pan\u00adde\u00admia wiru\u00adsa zmio\u00adt\u0142a wi\u0119k\u00adszo\u015b\u0107 z nich z plan\u00adszy. Trud\u00adno by\u0142o wi\u0119c roz\u00adma\u00adwia\u0107 nam o tym, czy to Rok Ewo\u00adlu\u00adcji czy Rok Rewo\u00adlu\u00adcji. To chy\u00adba Rok Hiber\u00adna\u00adcji albo Rok Wal\u00adki o Prze\u00adtrwa\u00adnie. O tren\u00addach i modach, o tym co jest <em>hot <\/em>a co <em>not <\/em>roz\u00adma\u00adwia\u0107 nie spos\u00f3b.&nbsp;<\/p>\n\n\n\n<p>B\u0119d\u017a\u00admy szcze\u00adrzy: z pocz\u0105t\u00adku gad\u00adka nam si\u0119 nie kle\u00adi\u0142a. Ale osta\u00adtecz\u00adnie roz\u00adkr\u0119\u00adci\u00adli\u00ad\u015bmy si\u0119 i poru\u00adszy\u00adli\u00ad\u015bmy spo\u00adro temat\u00f3w:<\/p>\n\n\n\n<ul class=\"wp-block-list\"><li>Pro\u00adjek\u00adty odwo\u00ad\u0142a\u00adne i prze\u00adnie\u00adsio\u00adne: nowe wyzwa\u00adnia dla pro\u00addu\u00adcen\u00adt\u00f3w. Czy za rok loka\u00adcje b\u0119d\u0105 wci\u0105\u017c dost\u0119p\u00adne? Czy w tej samej cenie? Jak pro\u00adwa\u00addzi\u0107 poli\u00adty\u00adk\u0119 zwro\u00adt\u00f3w? Czy za rok dany pro\u00adjekt wci\u0105\u017c b\u0119dzie atrak\u00adcyj\u00adny dla uczest\u00adni\u00adk\u00f3w? Czy utrzy\u00adma si\u0119 zesp\u00f3\u0142 orga\u00adni\u00adza\u00adtor\u00adski?<br>To tyl\u00adko kil\u00adka z wie\u00adlu pyta\u0144, przed kt\u00f3\u00adry\u00admi sta\u00adn\u0119\u00adli w tym roku tw\u00f3r\u00adcy gier i orga\u00adni\u00adza\u00adto\u00adrzy kon\u00adwen\u00adt\u00f3w.  Na cz\u0119\u015b\u0107 z nich nie zna\u00admy jesz\u00adcze odpo\u00adwie\u00addzi. Pan\u00adde\u00admia trwa w naj\u00adlep\u00adsze i wci\u0105\u017c nie ma \u017cad\u00adnej pew\u00adno\u00ad\u015bci, \u017ce impre\u00adzy od\u0142o\u00ad\u017co\u00adne na potem w og\u00f3\u00adle si\u0119 odb\u0119d\u0105.<\/li><li>Kola w Kato\u00adwi\u00adcach. Zde\u00adcy\u00addo\u00adwa\u00adnie lep\u00adsza od poprzed\u00adniej edy\u00adcji, pod ka\u017c\u00addym wzgl\u0119\u00addem. Przy\u00adci\u0105\u00adgn\u0119\u00ad\u0142a spo\u00adro nowych ludzi no i dostar\u00adczy\u00ad\u0142a naj\u00adob\u00adszer\u00adniej\u00adszej, prze\u00adkro\u00adjo\u00adwej publi\u00adka\u00adcji. Brak kom\u00adpen\u00addium wie\u00addzy na temat pisa\u00adnia gier mo\u017c\u00adna \u015bmia\u00ad\u0142o skre\u00ad\u015bli\u0107 z listy wym\u00f3wek.&nbsp;<\/li><li>Nowo\u015b\u0107! Zna\u00adle\u017a\u00adli\u00ad\u015bmy w ko\u0144\u00adcu nowy trend. To (naresz\u00adcie!) zde\u00adcy\u00addo\u00adwa\u00adny wzrost dost\u0119p\u00adnych sce\u00adna\u00adriu\u00adszy w j\u0119zy\u00adku pol\u00adskim. Co cie\u00adka\u00adwe, s\u0105 to zar\u00f3w\u00adno nowe pol\u00adskie gry, reedy\u00adcje lar\u00adp\u00f3w z pierw\u00adszej deka\u00addy <span class=\"caps\">XXI<\/span> wie\u00adku oraz t\u0142u\u00adma\u00adcze\u00adnia z innych j\u0119zy\u00adk\u00f3w. Trzy\u00adma\u00admy kciu\u00adki, by nie by\u0142a to prze\u00adlot\u00adna moda, a utrzy\u00admu\u00adj\u0105\u00adcy si\u0119 ruch w stro\u00adn\u0119 sta\u00ad\u0142e\u00adgo posze\u00adrza\u00adnia listy sce\u00adna\u00adriu\u00adszy goto\u00adwych do pro\u00adwa\u00addze\u00adnie przez lokal\u00adne gru\u00adpy gra\u00adczy.<br>Co cie\u00adka\u00adwe, dzie\u00adli\u00admy si\u0119 te\u017c coraz cz\u0119\u00ad\u015bciej nie\u00adgo\u00adto\u00adwy\u00admi sce\u00adna\u00adriu\u00adsza\u00admi, tzn. taki\u00admi, kt\u00f3\u00adre nie maj\u0105 spi\u00adsa\u00adne regu\u0142 ani instruk\u00adcji, za\u015b jedy\u00adny\u00admi doku\u00admen\u00adta\u00admi s\u0105 kar\u00adty posta\u00adci. To dobry pocz\u0105\u00adtek do spi\u00adsa\u00adnia wie\u00adlu lar\u00adp\u00f3w, kt\u00f3\u00adre zyska\u00ad\u0142y pozy\u00adtyw\u00adne recenzje.<\/li><li><span class=\"caps\">PRISM<\/span> 2. Szy\u00adku\u00adje si\u0119 nowa anto\u00adlo\u00adgia. To dosko\u00adna\u00ad\u0142a wia\u00addo\u00admo\u015b\u0107 i potwier\u00addze\u00adnie wy\u017cej opi\u00adsa\u00adne\u00adgo tren\u00addu. Chy\u00adba na dobre zabra\u00adli\u00ad\u015bmy si\u0119 za spi\u00adsy\u00adwa\u00adnie naszych larp\u00f3w.<\/li><li>Lar\u00adpy w cza\u00adsie zara\u00adzy. Ten temat ci\u0105\u00adgn\u0105\u0142 si\u0119 do ko\u0144\u00adca wieczoru.&nbsp;<\/li><\/ul>\n\n\n\n<p>Po pierw\u00adsze poja\u00adwi\u00ad\u0142y si\u0119 gry, w kt\u00f3\u00adrych nosze\u00adnie mase\u00adczek jest cz\u0119\u00ad\u015bci\u0105 desi\u00adgnu i znaj\u00addu\u00adje uza\u00adsad\u00adnie\u00adnie w \u015bwie\u00adcie i fabu\u00adle gry. <em>Fio\u00adlet <\/em>Doro\u00adty Chmie\u00adlew\u00adskiej (kt\u00f3\u00adry powsta\u0142 na uciecz\u00adce dwa lata temu) jest jed\u00adnym z przy\u00adk\u0142a\u00add\u00f3w takich gier. Widzie\u00adli\u00ad\u015bmy go na Sum\u00admer Weeku i szcze\u00adrze pole\u00adca\u00admy udzia\u0142, gdy Doro\u00adta zde\u00adcy\u00addu\u00adje si\u0119 na&nbsp;rerun.<\/p>\n\n\n\n<p>Po dru\u00adgie \u2013 gra\u00adnie onli\u00adne. Naj\u00adpierw zasta\u00adna\u00adwia\u00adli\u00ad\u015bmy si\u0119, czy larp w og\u00f3\u00adle mo\u017ce odby\u00adwa\u0107 si\u0119 onli\u00adne. Czy gra\u00adj\u0105c przez sie\u0107 mo\u017c\u00adna m\u00f3wi\u0107 jesz\u00adcze o lar\u00adpo\u00adwa\u00adniu? Nasza odpo\u00adwied\u017a brzmi: tak, je\u015bli bycie przed kom\u00adpu\u00adte\u00adrem jest cz\u0119\u00ad\u015bci\u0105 gry lub je\u015bli brak cie\u00adle\u00adsnej obec\u00adno\u00ad\u015bci jest w jaki\u015b inny spo\u00ads\u00f3b uza\u00adsad\u00adnio\u00adna fabu\u00adlar\u00adnie, za\u015b narz\u0119\u00addzie mul\u00adti\u00adme\u00addial\u00adne s\u0105 jedy\u00adnie meta\u00adfo\u00adr\u0105 spo\u00adso\u00adbu komu\u00adni\u00adka\u00adcji. Lar\u00adpy onli\u00adne mo\u017c\u00adna potrak\u00adto\u00adwa\u0107 jako gry, w kt\u00f3\u00adrych wy\u0142\u0105\u00adczo\u00adny jest jeden ze zmy\u00ads\u0142\u00f3w: w tym przy\u00adpad\u00adku dotyk (by\u0142y lar\u00adpy bez wzro\u00adku lub s\u0142u\u00adchu). Kil\u00adka os\u00f3b przy\u00adzna\u00ad\u0142o te\u017c, \u017ce onli\u00adne lepiej gra\u00ad\u0142o im si\u0119 bez obra\u00adzu. Cie\u00adka\u00adwe spostrze\u017cenie.<\/p>\n\n\n\n<p>Z tego punk\u00adtu pop\u0142y\u00adn\u0119\u00adli\u00ad\u015bmy dalej: w stro\u00adn\u0119 roz\u00adwa\u00ad\u017ca\u0144 o grach <span class=\"caps\">VR<\/span>, roli prze\u00adstrze\u00adni w grze, tego jak j\u0105 defi\u00adniu\u00adje. Zbyt swo\u00adbod\u00adna by\u0142a ta cz\u0119\u015b\u0107 dys\u00adku\u00adsji, bym by\u0142 w sta\u00adnie zgrab\u00adnie j\u0105 zre\u00adla\u00adcjo\u00adno\u00adwa\u0107 \u2013 niech wi\u0119c pozo\u00adsta\u00adnie w pami\u0119\u00adci uczest\u00adni\u00adk\u00f3w i uczestniczek.<\/p>\n\n\n\n<h2 class=\"wp-block-heading\">Sesja Kreatywna. Wyzwanie kolor\u00f3w No3<\/h2>\n\n\n\n<p>Nasz\u0105 ulu\u00adbio\u00adn\u0105 sesj\u0119 rzu\u00adci\u00adli\u00ad\u015bmy na pocz\u0105\u00adtek. Ju\u017c czte\u00adry gry, kt\u00f3\u00adre powsta\u00ad\u0142y pod\u00adczas kolo\u00adro\u00adwych wyzwa\u0144 w poprzed\u00adnich latach s\u0105 ju\u017c goto\u00adwe i gra\u00adne. Cie\u00adka\u00adwe, jak b\u0119dzie tym razem? Oto lista pomy\u00ads\u0142\u00f3w, kt\u00f3\u00adre zro\u00addzi\u00ad\u0142y si\u0119 tego wieczoru:<\/p>\n\n\n\n<ul class=\"wp-block-list\"><li>Jakub \/ fio\u00adlet. Ci\u0105\u00adgiem sko\u00adja\u00adrze\u00adnio\u00adwym tyfus (fio\u00adle\u00adto\u00adwe bak\u00adte\u00adrie) &gt; <span class=\"caps\">IIW\u015a<\/span> &gt; obo\u00adzy zag\u0142a\u00addy &gt; fio\u00adle\u00adto\u00adwe tr\u00f3j\u00adk\u0105\u00adty \u015awiad\u00adk\u00f3w Jeho\u00adwy Kuba dotar\u0142 do swo\u00adje\u00adgo brze\u00adgu. Zapo\u00adwia\u00adda si\u0119 trud\u00adna i moc\u00adna&nbsp;gra.<\/li><li>Doro\u00adta \/ jasno\u00adbr\u0105\u00adzo\u00adwy. #S\u0142o\u00adny\u00adKar\u00admel, czy\u00adli kome\u00addio\u00adwa gra o zab\u00f3j\u00adczej rywa\u00adli\u00adza\u00adcji dw\u00f3ch lodziar\u00adni. Doro\u00adta uko\u0144\u00adczy\u00ad\u0142a ju\u017c dwie z kolo\u00adro\u00adwych gier, s\u0105 wi\u0119c du\u017ce szan\u00adse na to, \u017ce <em>S\u0142o\u00adny Kar\u00admel <\/em>ujrzy \u015bwia\u00adt\u0142o dzienne.<\/li><li>Iza \/ lila. Wrzo\u00adso\u00adwi\u00adska, trzy wied\u017a\u00admy, mrocz\u00adny hor\u00adror z ele\u00admen\u00adta\u00admi kry\u00admi\u00adna\u00ad\u0142u\u2026 Albo odwrot\u00adnie. Ca\u0142o\u015b\u0107 w \u015bre\u00addnio\u00adwiecz\u00adnej Szko\u00adcji. Brzmi jak #bile\u00adty\u00adsprze\u00adda\u00addz\u0105\u00adsi\u0119w\u00addwad\u00adni.<\/li><li>Mate\u00adusz \/ poma\u00adra\u0144\u00adczo\u00adwy. Nie\u00adoczy\u00adwi\u00adsty i cie\u00adka\u00adwy larp o \u017cyciu, pe\u0142en mecha\u00adnik zwi\u0105\u00adza\u00adnych z arche\u00adty\u00adpa\u00admi, podzie\u00adlo\u00adny na eta\u00adpy egzy\u00adsten\u00adcji opi\u00adsa\u00adne poma\u00adra\u0144\u00adczo\u00adwy\u00admi sym\u00adbo\u00adla\u00admi: wscho\u00addz\u0105\u00adce\u00adgo s\u0142o\u0144\u00adca, ognia czy jesie\u00adni. Brzmi nor\u00addyc\u00adko i ciekawie.<\/li><li>Kula \/ czer\u00adwo\u00adny. Gdy\u00adby ten larp by\u0142 powie\u00ad\u015bci\u0105, by\u0142\u00adby fan\u00adta\u00adsty\u00adk\u0105 socjo\u00adlo\u00adgicz\u00adn\u0105 o komu\u00adni\u00adstycz\u00adnej uto\u00adpii 2.0. Je\u015bli uda si\u0119 go uko\u0144\u00adczy\u0107, b\u0119dzie aspi\u00adro\u00adwa\u0142 do umiesz\u00adcze\u00adnia go w dru\u00adgiej edy\u00adcji <span class=\"caps\">PRISMU<\/span>, bo m\u00f3wi o sen\u00adsie pra\u00adcy w dobie obfi\u00adto\u00ad\u015bci gwa\u00adran\u00adto\u00adwa\u00adnej przez gospo\u00addar\u00adk\u0119 sku\u00adtecz\u00adnie zarz\u0105\u00addza\u00adn\u0105 przez sztucz\u00adne inteligencje.<\/li><li>Banan \/ \u017c\u00f3\u0142\u00adty. Larp o cho\u00addze\u00adniu pomi\u0119\u00addzy namio\u00adta\u00admi pod\u00adczas feed\u00adbac\u00adku zmie\u00adni\u0142 si\u0119 w edu\u00adlarp o pier\u00adwiast\u00adkach i zwi\u0105z\u00adkach che\u00admicz\u00adnych. Jak ka\u017c\u00addy pro\u00adjekt Bana\u00adna, zapew\u00adne zmie\u00adni si\u0119 jesz\u00adcze kil\u00adka razy w trak\u00adcie w pisa\u00adnia, za\u015b final\u00adna wer\u00adsja w niczym nie b\u0119dzie przy\u00adpo\u00admi\u00adna\u0107 zapre\u00adzen\u00adto\u00adwa\u00adne\u00adgo przy komin\u00adku kon\u00adcep\u00adtu. I nic w tym&nbsp;z\u0142ego.<\/li><li>Orest \/ z\u0142o\u00adty. Klon\u00addi\u00adke, gor\u0105cz\u00adka z\u0142o\u00adta i fascy\u00adnu\u00adj\u0105\u00adca mecha\u00adni\u00adka rela\u00adcji. Do tego aspek\u00adty tere\u00adn\u00f3w\u00adko\u00adwe\u2026 Larp brzmi \u015bwie\u00ad\u017co i cie\u00adka\u00adwie, ju\u017c na eta\u00adpie kon\u00adcep\u00adcji jest dobrze skom\u00adpo\u00adno\u00adwa\u00adn\u0105, post\u00admo\u00adder\u00adni\u00adstycz\u00adn\u0105 sa\u0142atk\u0105.&nbsp;<\/li><\/ul>\n\n\n\n<p>Pierw\u00adszy dzie\u0144 za nami. By\u0142o mery\u00adto\u00adrycz\u00adnie, sym\u00adpa\u00adtycz\u00adnie, cie\u00adka\u00adwie i dobrze.&nbsp;<\/p>\n\n\n\n<p>Czy\u00adli jak zawsze.<\/p>\n","protected":false},"excerpt":{"rendered":"<p>Sz\u00f3\u00adsta uciecz\u00adka, pierw\u00adszy dzie\u0144. Sta\u00adte of Design 2020 i kolo\u00adro\u00adwa sesja fast prototyping.<\/p>\n","protected":false},"author":2,"featured_media":1762,"comment_status":"closed","ping_status":"closed","sticky":false,"template":"","format":"standard","meta":{"wp_typography_post_enhancements_disabled":false,"_monsterinsights_skip_tracking":false,"_monsterinsights_sitenote_active":false,"_monsterinsights_sitenote_note":"","_monsterinsights_sitenote_category":0,"footnotes":""},"categories":[1],"tags":[],"class_list":["post-1754","post","type-post","status-publish","format-standard","has-post-thumbnail","hentry","category-bez-kategorii"],"yoast_head":"<!-- This site is optimized with the Yoast SEO plugin v27.2 - https:\/\/yoast.com\/product\/yoast-seo-wordpress\/ -->\n<title>Notatki z ucieczki - niedziela - Hardkon - 2021 Larpers&#039; Retreat<\/title>\n<meta name=\"robots\" content=\"index, follow, max-snippet:-1, max-image-preview:large, max-video-preview:-1\" \/>\n<link rel=\"canonical\" href=\"https:\/\/retreat.hardkon.pl\/2021\/notatki-z-ucieczki-niedziela-3\/\" \/>\n<meta property=\"og:locale\" content=\"pl_PL\" \/>\n<meta property=\"og:type\" content=\"article\" \/>\n<meta property=\"og:title\" content=\"Notatki z ucieczki - niedziela - Hardkon - 2021 Larpers&#039; Retreat\" \/>\n<meta property=\"og:description\" content=\"Sz\u00f3sta ucieczka, pierwszy dzie\u0144. State of Design 2020 i kolorowa sesja fast prototyping.\" \/>\n<meta property=\"og:url\" content=\"https:\/\/retreat.hardkon.pl\/2021\/notatki-z-ucieczki-niedziela-3\/\" \/>\n<meta property=\"og:site_name\" content=\"Hardkon - 2021 Larpers&#039; Retreat\" \/>\n<meta property=\"article:published_time\" content=\"2020-09-01T18:00:57+00:00\" \/>\n<meta property=\"article:modified_time\" content=\"2020-09-02T22:32:46+00:00\" \/>\n<meta property=\"og:image\" content=\"https:\/\/i0.wp.com\/retreat.hardkon.pl\/2021\/wp-content\/uploads\/sites\/10\/2020\/09\/hlr20-niedziela.jpg?fit=801%2C600&ssl=1\" \/>\n\t<meta property=\"og:image:width\" content=\"801\" \/>\n\t<meta property=\"og:image:height\" content=\"600\" \/>\n\t<meta property=\"og:image:type\" content=\"image\/jpeg\" \/>\n<meta name=\"author\" content=\"Piotr Milewski\" \/>\n<meta name=\"twitter:card\" content=\"summary_large_image\" \/>\n<meta name=\"twitter:label1\" content=\"Napisane przez\" \/>\n\t<meta name=\"twitter:data1\" content=\"Piotr Milewski\" \/>\n\t<meta name=\"twitter:label2\" content=\"Szacowany czas czytania\" \/>\n\t<meta name=\"twitter:data2\" content=\"5 minut\" \/>\n<script type=\"application\/ld+json\" class=\"yoast-schema-graph\">{\"@context\":\"https:\/\/schema.org\",\"@graph\":[{\"@type\":\"Article\",\"@id\":\"https:\/\/retreat.hardkon.pl\/2021\/notatki-z-ucieczki-niedziela-3\/#article\",\"isPartOf\":{\"@id\":\"https:\/\/retreat.hardkon.pl\/2021\/notatki-z-ucieczki-niedziela-3\/\"},\"author\":{\"name\":\"Piotr Milewski\",\"@id\":\"https:\/\/retreat.hardkon.pl\/2021\/#\/schema\/person\/fb601a2c3a7b2e26436b81f350676413\"},\"headline\":\"Notatki z ucieczki \u2013 niedziela\",\"datePublished\":\"2020-09-01T18:00:57+00:00\",\"dateModified\":\"2020-09-02T22:32:46+00:00\",\"mainEntityOfPage\":{\"@id\":\"https:\/\/retreat.hardkon.pl\/2021\/notatki-z-ucieczki-niedziela-3\/\"},\"wordCount\":1056,\"publisher\":{\"@id\":\"https:\/\/retreat.hardkon.pl\/2021\/#organization\"},\"image\":{\"@id\":\"https:\/\/retreat.hardkon.pl\/2021\/notatki-z-ucieczki-niedziela-3\/#primaryimage\"},\"thumbnailUrl\":\"https:\/\/retreat.hardkon.pl\/2021\/wp-content\/uploads\/sites\/10\/2020\/09\/hlr20-niedziela.jpg\",\"inLanguage\":\"pl-PL\"},{\"@type\":\"WebPage\",\"@id\":\"https:\/\/retreat.hardkon.pl\/2021\/notatki-z-ucieczki-niedziela-3\/\",\"url\":\"https:\/\/retreat.hardkon.pl\/2021\/notatki-z-ucieczki-niedziela-3\/\",\"name\":\"Notatki z ucieczki - niedziela - Hardkon - 2021 Larpers&#039; Retreat\",\"isPartOf\":{\"@id\":\"https:\/\/retreat.hardkon.pl\/2021\/#website\"},\"primaryImageOfPage\":{\"@id\":\"https:\/\/retreat.hardkon.pl\/2021\/notatki-z-ucieczki-niedziela-3\/#primaryimage\"},\"image\":{\"@id\":\"https:\/\/retreat.hardkon.pl\/2021\/notatki-z-ucieczki-niedziela-3\/#primaryimage\"},\"thumbnailUrl\":\"https:\/\/retreat.hardkon.pl\/2021\/wp-content\/uploads\/sites\/10\/2020\/09\/hlr20-niedziela.jpg\",\"datePublished\":\"2020-09-01T18:00:57+00:00\",\"dateModified\":\"2020-09-02T22:32:46+00:00\",\"breadcrumb\":{\"@id\":\"https:\/\/retreat.hardkon.pl\/2021\/notatki-z-ucieczki-niedziela-3\/#breadcrumb\"},\"inLanguage\":\"pl-PL\",\"potentialAction\":[{\"@type\":\"ReadAction\",\"target\":[\"https:\/\/retreat.hardkon.pl\/2021\/notatki-z-ucieczki-niedziela-3\/\"]}]},{\"@type\":\"ImageObject\",\"inLanguage\":\"pl-PL\",\"@id\":\"https:\/\/retreat.hardkon.pl\/2021\/notatki-z-ucieczki-niedziela-3\/#primaryimage\",\"url\":\"https:\/\/retreat.hardkon.pl\/2021\/wp-content\/uploads\/sites\/10\/2020\/09\/hlr20-niedziela.jpg\",\"contentUrl\":\"https:\/\/retreat.hardkon.pl\/2021\/wp-content\/uploads\/sites\/10\/2020\/09\/hlr20-niedziela.jpg\",\"width\":801,\"height\":600},{\"@type\":\"BreadcrumbList\",\"@id\":\"https:\/\/retreat.hardkon.pl\/2021\/notatki-z-ucieczki-niedziela-3\/#breadcrumb\",\"itemListElement\":[{\"@type\":\"ListItem\",\"position\":1,\"name\":\"Strona g\u0142\u00f3wna\",\"item\":\"https:\/\/retreat.hardkon.pl\/2021\/\"},{\"@type\":\"ListItem\",\"position\":2,\"name\":\"Notatki z ucieczki \u2013 niedziela\"}]},{\"@type\":\"WebSite\",\"@id\":\"https:\/\/retreat.hardkon.pl\/2021\/#website\",\"url\":\"https:\/\/retreat.hardkon.pl\/2021\/\",\"name\":\"Hardkon - 2021 Larpers&#039; Retreat\",\"description\":\"Hardkon Larpers&#039; Retreat edycja 2021\",\"publisher\":{\"@id\":\"https:\/\/retreat.hardkon.pl\/2021\/#organization\"},\"potentialAction\":[{\"@type\":\"SearchAction\",\"target\":{\"@type\":\"EntryPoint\",\"urlTemplate\":\"https:\/\/retreat.hardkon.pl\/2021\/?s={search_term_string}\"},\"query-input\":{\"@type\":\"PropertyValueSpecification\",\"valueRequired\":true,\"valueName\":\"search_term_string\"}}],\"inLanguage\":\"pl-PL\"},{\"@type\":\"Organization\",\"@id\":\"https:\/\/retreat.hardkon.pl\/2021\/#organization\",\"name\":\"Hardkon - 2021 Larpers&#039; Retreat\",\"url\":\"https:\/\/retreat.hardkon.pl\/2021\/\",\"logo\":{\"@type\":\"ImageObject\",\"inLanguage\":\"pl-PL\",\"@id\":\"https:\/\/retreat.hardkon.pl\/2021\/#\/schema\/logo\/image\/\",\"url\":\"https:\/\/retreat.hardkon.pl\/2021\/wp-content\/uploads\/sites\/10\/2020\/08\/Hardkon-Retreat-2020.png\",\"contentUrl\":\"https:\/\/retreat.hardkon.pl\/2021\/wp-content\/uploads\/sites\/10\/2020\/08\/Hardkon-Retreat-2020.png\",\"width\":400,\"height\":55,\"caption\":\"Hardkon - 2021 Larpers&#039; Retreat\"},\"image\":{\"@id\":\"https:\/\/retreat.hardkon.pl\/2021\/#\/schema\/logo\/image\/\"}},{\"@type\":\"Person\",\"@id\":\"https:\/\/retreat.hardkon.pl\/2021\/#\/schema\/person\/fb601a2c3a7b2e26436b81f350676413\",\"name\":\"Piotr Milewski\",\"image\":{\"@type\":\"ImageObject\",\"inLanguage\":\"pl-PL\",\"@id\":\"https:\/\/secure.gravatar.com\/avatar\/7579c28254a1e3fb532b305d0ad84619bce4597a5ce0fe0edffd414168a68d0f?s=96&d=mm&r=g\",\"url\":\"https:\/\/secure.gravatar.com\/avatar\/7579c28254a1e3fb532b305d0ad84619bce4597a5ce0fe0edffd414168a68d0f?s=96&d=mm&r=g\",\"contentUrl\":\"https:\/\/secure.gravatar.com\/avatar\/7579c28254a1e3fb532b305d0ad84619bce4597a5ce0fe0edffd414168a68d0f?s=96&d=mm&r=g\",\"caption\":\"Piotr Milewski\"},\"url\":\"https:\/\/retreat.hardkon.pl\/2021\/author\/piotrmilewski\/\"}]}<\/script>\n<!-- \/ Yoast SEO plugin. -->","yoast_head_json":{"title":"Notatki z ucieczki - niedziela - Hardkon - 2021 Larpers&#039; Retreat","robots":{"index":"index","follow":"follow","max-snippet":"max-snippet:-1","max-image-preview":"max-image-preview:large","max-video-preview":"max-video-preview:-1"},"canonical":"https:\/\/retreat.hardkon.pl\/2021\/notatki-z-ucieczki-niedziela-3\/","og_locale":"pl_PL","og_type":"article","og_title":"Notatki z ucieczki - niedziela - Hardkon - 2021 Larpers&#039; Retreat","og_description":"Sz\u00f3sta ucieczka, pierwszy dzie\u0144. State of Design 2020 i kolorowa sesja fast prototyping.","og_url":"https:\/\/retreat.hardkon.pl\/2021\/notatki-z-ucieczki-niedziela-3\/","og_site_name":"Hardkon - 2021 Larpers&#039; Retreat","article_published_time":"2020-09-01T18:00:57+00:00","article_modified_time":"2020-09-02T22:32:46+00:00","og_image":[{"width":801,"height":600,"url":"https:\/\/i0.wp.com\/retreat.hardkon.pl\/2021\/wp-content\/uploads\/sites\/10\/2020\/09\/hlr20-niedziela.jpg?fit=801%2C600&ssl=1","type":"image\/jpeg"}],"author":"Piotr Milewski","twitter_card":"summary_large_image","twitter_misc":{"Napisane przez":"Piotr Milewski","Szacowany czas czytania":"5 minut"},"schema":{"@context":"https:\/\/schema.org","@graph":[{"@type":"Article","@id":"https:\/\/retreat.hardkon.pl\/2021\/notatki-z-ucieczki-niedziela-3\/#article","isPartOf":{"@id":"https:\/\/retreat.hardkon.pl\/2021\/notatki-z-ucieczki-niedziela-3\/"},"author":{"name":"Piotr Milewski","@id":"https:\/\/retreat.hardkon.pl\/2021\/#\/schema\/person\/fb601a2c3a7b2e26436b81f350676413"},"headline":"Notatki z ucieczki \u2013 niedziela","datePublished":"2020-09-01T18:00:57+00:00","dateModified":"2020-09-02T22:32:46+00:00","mainEntityOfPage":{"@id":"https:\/\/retreat.hardkon.pl\/2021\/notatki-z-ucieczki-niedziela-3\/"},"wordCount":1056,"publisher":{"@id":"https:\/\/retreat.hardkon.pl\/2021\/#organization"},"image":{"@id":"https:\/\/retreat.hardkon.pl\/2021\/notatki-z-ucieczki-niedziela-3\/#primaryimage"},"thumbnailUrl":"https:\/\/retreat.hardkon.pl\/2021\/wp-content\/uploads\/sites\/10\/2020\/09\/hlr20-niedziela.jpg","inLanguage":"pl-PL"},{"@type":"WebPage","@id":"https:\/\/retreat.hardkon.pl\/2021\/notatki-z-ucieczki-niedziela-3\/","url":"https:\/\/retreat.hardkon.pl\/2021\/notatki-z-ucieczki-niedziela-3\/","name":"Notatki z ucieczki - niedziela - Hardkon - 2021 Larpers&#039; Retreat","isPartOf":{"@id":"https:\/\/retreat.hardkon.pl\/2021\/#website"},"primaryImageOfPage":{"@id":"https:\/\/retreat.hardkon.pl\/2021\/notatki-z-ucieczki-niedziela-3\/#primaryimage"},"image":{"@id":"https:\/\/retreat.hardkon.pl\/2021\/notatki-z-ucieczki-niedziela-3\/#primaryimage"},"thumbnailUrl":"https:\/\/retreat.hardkon.pl\/2021\/wp-content\/uploads\/sites\/10\/2020\/09\/hlr20-niedziela.jpg","datePublished":"2020-09-01T18:00:57+00:00","dateModified":"2020-09-02T22:32:46+00:00","breadcrumb":{"@id":"https:\/\/retreat.hardkon.pl\/2021\/notatki-z-ucieczki-niedziela-3\/#breadcrumb"},"inLanguage":"pl-PL","potentialAction":[{"@type":"ReadAction","target":["https:\/\/retreat.hardkon.pl\/2021\/notatki-z-ucieczki-niedziela-3\/"]}]},{"@type":"ImageObject","inLanguage":"pl-PL","@id":"https:\/\/retreat.hardkon.pl\/2021\/notatki-z-ucieczki-niedziela-3\/#primaryimage","url":"https:\/\/retreat.hardkon.pl\/2021\/wp-content\/uploads\/sites\/10\/2020\/09\/hlr20-niedziela.jpg","contentUrl":"https:\/\/retreat.hardkon.pl\/2021\/wp-content\/uploads\/sites\/10\/2020\/09\/hlr20-niedziela.jpg","width":801,"height":600},{"@type":"BreadcrumbList","@id":"https:\/\/retreat.hardkon.pl\/2021\/notatki-z-ucieczki-niedziela-3\/#breadcrumb","itemListElement":[{"@type":"ListItem","position":1,"name":"Strona g\u0142\u00f3wna","item":"https:\/\/retreat.hardkon.pl\/2021\/"},{"@type":"ListItem","position":2,"name":"Notatki z ucieczki \u2013 niedziela"}]},{"@type":"WebSite","@id":"https:\/\/retreat.hardkon.pl\/2021\/#website","url":"https:\/\/retreat.hardkon.pl\/2021\/","name":"Hardkon - 2021 Larpers&#039; Retreat","description":"Hardkon Larpers&#039; Retreat edycja 2021","publisher":{"@id":"https:\/\/retreat.hardkon.pl\/2021\/#organization"},"potentialAction":[{"@type":"SearchAction","target":{"@type":"EntryPoint","urlTemplate":"https:\/\/retreat.hardkon.pl\/2021\/?s={search_term_string}"},"query-input":{"@type":"PropertyValueSpecification","valueRequired":true,"valueName":"search_term_string"}}],"inLanguage":"pl-PL"},{"@type":"Organization","@id":"https:\/\/retreat.hardkon.pl\/2021\/#organization","name":"Hardkon - 2021 Larpers&#039; Retreat","url":"https:\/\/retreat.hardkon.pl\/2021\/","logo":{"@type":"ImageObject","inLanguage":"pl-PL","@id":"https:\/\/retreat.hardkon.pl\/2021\/#\/schema\/logo\/image\/","url":"https:\/\/retreat.hardkon.pl\/2021\/wp-content\/uploads\/sites\/10\/2020\/08\/Hardkon-Retreat-2020.png","contentUrl":"https:\/\/retreat.hardkon.pl\/2021\/wp-content\/uploads\/sites\/10\/2020\/08\/Hardkon-Retreat-2020.png","width":400,"height":55,"caption":"Hardkon - 2021 Larpers&#039; Retreat"},"image":{"@id":"https:\/\/retreat.hardkon.pl\/2021\/#\/schema\/logo\/image\/"}},{"@type":"Person","@id":"https:\/\/retreat.hardkon.pl\/2021\/#\/schema\/person\/fb601a2c3a7b2e26436b81f350676413","name":"Piotr Milewski","image":{"@type":"ImageObject","inLanguage":"pl-PL","@id":"https:\/\/secure.gravatar.com\/avatar\/7579c28254a1e3fb532b305d0ad84619bce4597a5ce0fe0edffd414168a68d0f?s=96&d=mm&r=g","url":"https:\/\/secure.gravatar.com\/avatar\/7579c28254a1e3fb532b305d0ad84619bce4597a5ce0fe0edffd414168a68d0f?s=96&d=mm&r=g","contentUrl":"https:\/\/secure.gravatar.com\/avatar\/7579c28254a1e3fb532b305d0ad84619bce4597a5ce0fe0edffd414168a68d0f?s=96&d=mm&r=g","caption":"Piotr Milewski"},"url":"https:\/\/retreat.hardkon.pl\/2021\/author\/piotrmilewski\/"}]}},"_links":{"self":[{"href":"https:\/\/retreat.hardkon.pl\/2021\/wp-json\/wp\/v2\/posts\/1754","targetHints":{"allow":["GET"]}}],"collection":[{"href":"https:\/\/retreat.hardkon.pl\/2021\/wp-json\/wp\/v2\/posts"}],"about":[{"href":"https:\/\/retreat.hardkon.pl\/2021\/wp-json\/wp\/v2\/types\/post"}],"author":[{"embeddable":true,"href":"https:\/\/retreat.hardkon.pl\/2021\/wp-json\/wp\/v2\/users\/2"}],"replies":[{"embeddable":true,"href":"https:\/\/retreat.hardkon.pl\/2021\/wp-json\/wp\/v2\/comments?post=1754"}],"version-history":[{"count":0,"href":"https:\/\/retreat.hardkon.pl\/2021\/wp-json\/wp\/v2\/posts\/1754\/revisions"}],"wp:featuredmedia":[{"embeddable":true,"href":"https:\/\/retreat.hardkon.pl\/2021\/wp-json\/wp\/v2\/media\/1762"}],"wp:attachment":[{"href":"https:\/\/retreat.hardkon.pl\/2021\/wp-json\/wp\/v2\/media?parent=1754"}],"wp:term":[{"taxonomy":"category","embeddable":true,"href":"https:\/\/retreat.hardkon.pl\/2021\/wp-json\/wp\/v2\/categories?post=1754"},{"taxonomy":"post_tag","embeddable":true,"href":"https:\/\/retreat.hardkon.pl\/2021\/wp-json\/wp\/v2\/tags?post=1754"}],"curies":[{"name":"wp","href":"https:\/\/api.w.org\/{rel}","templated":true}]}}